{"id":23494,"date":"2020-12-20T22:30:40","date_gmt":"2020-12-20T22:30:40","guid":{"rendered":"https:\/\/todoapulmon-rafaela.com\/?p=23494"},"modified":"2020-12-20T22:30:40","modified_gmt":"2020-12-20T22:30:40","slug":"sandra-aira-y-romano-maza-ganadores-de-los-21k-virtuales","status":"publish","type":"post","link":"https:\/\/todoapulmon-rafaela.com\/index.php\/2020\/12\/20\/sandra-aira-y-romano-maza-ganadores-de-los-21k-virtuales\/","title":{"rendered":"Sandra Aira y Romano Maza ganadores de los 21k virtuales"},"content":{"rendered":"<p>Del 12 al 19 de diciembre, se desarroll\u00f3 la Media Marat\u00f3n 21K \u00abCiudad de Rafaela\u00bb, en honor al profesor Daniel \u00abTecla\u00bb Far\u00edas.<\/p>\n<p>En la distancia principal fueron ganadores la sanfrancisque\u00f1a Sandra Aira y el local Romano Maza.<\/p>\n<p>La aplicaci\u00f3n utilizada arroj\u00f3 los siguientes resultados, informados por la Municipalidad de Rafaela:<br \/>\nEn la categor\u00eda femenina general, la ganadora de los 21K fue Sandra Aira, el segundo lugar fue para Virginia Falasconi y, el tercero, para Denise D\u00edaz.<br \/>\nEn los 10K, en primer lugar qued\u00f3 Laura Chemes, en segundo Catalina Ingaramo y en el tercero, Daniela Antonich.<br \/>\nEn los 5K, el primer lugar fue para Mirna Schmitt, el segundo lugar lo obtuvo Luisina Codagnone y, el tercero, Celsa Godoy.<br \/>\nEn tanto que en la categor\u00eda masculina general, el ganador de los 21K fue Romano Maza, el segundo lugar lo obtuvo Esteban Tello y, el tercero, Eugenio Cravero.<br \/>\nEl primer lugar de los 10K fue para Ignacio Chianalino, el segundo para Alfredo Brega y, el tercero, para Federico Russi.<br \/>\nEn los 5K, en primer lugar qued\u00f3 Ricardo Vivas, en segundo Oscar Corrales y, en tercero Rub\u00e9n Gramajo.<br \/>\nPor la pandemia, se debi\u00f3 utilizar una nueva la modalidad para poder llevar a cabo la competencia. Por tal motivo, se realiz\u00f3 de forma virtual y en circuito libre para que se pudieran respetar todos los protocolos sanitarios vigentes. Un gran n\u00famero de participantes, tanto profesionales como aficionados, corrieron por las calles de nuestra ciudad y de otras localidades.<br \/>\nUn a\u00f1o m\u00e1s se concretaron los objetivos que se plantearon desde el origen de este evento: Promover el deporte, los h\u00e1bitos saludables, el esparcimiento y la utilizaci\u00f3n de los espacios p\u00fablicos.<\/p>\n<p>TRASCENDER FRONTERAS<br \/>\nEl subsecretario de Deportes y Recreaci\u00f3n, Ignacio Podio, evalu\u00f3: \u201cEste a\u00f1o superamos las expectativas ya que se inscribieron m\u00e1s de 700 personas en esta nueva modalidad que tuvimos que adoptar\u201d.<br \/>\nEl funcionario remarc\u00f3 que la pandemia no fue un impedimento para realizar la competencia, al contrario, logr\u00f3 que trascienda fronteras porque \u201clogramos potenciarla y que la acompa\u00f1aran personas de distintas partes del pa\u00eds\u201d, indic\u00f3 el funcionario.<br \/>\nAdem\u00e1s, agreg\u00f3 que \u201ctodas las personas respondieron muy bien a esta modalidad virtual, forma que nos dio tranquilidad de poder realizar la competencia, sabiendo que se cumpl\u00edan todos los protocolos en la situaci\u00f3n sanitaria\u201d. \u201cCada paso fue entendido y cumplido por los corredores. A esto hay que sumar una buena aplicaci\u00f3n que nos permiti\u00f3 tener los tiempos de todos ellos\u201d, explic\u00f3.<br \/>\nFinalmente, destac\u00f3: \u201cCreo que con la realizaci\u00f3n sumamos un puntito de oro porque nadie se esperaba poder concretarla y sostener la fecha. Hoy podemos ver los resultados y la respuesta positiva de las personas\u201d.<\/p>\n","protected":false},"excerpt":{"rendered":"<p>Del 12 al 19 de diciembre, se desarroll\u00f3 la Media Marat\u00f3n 21K \u00abCiudad de Rafaela\u00bb, en honor al profesor Daniel<\/p>\n","protected":false},"author":2,"featured_media":23495,"comment_status":"open","ping_status":"open","sticky":false,"template":"","format":"standard","meta":{"footnotes":""},"categories":[7,24],"tags":[],"class_list":["post-23494","post","type-post","status-publish","format-standard","has-post-thumbnail","hentry","category-atletismo","category-noticias-destacadas"],"cc_featured_image_caption":{"caption_text":"Sandra Aira y Romano Maza.","source_text":"","source_url":""},"_links":{"self":[{"href":"https:\/\/todoapulmon-rafaela.com\/index.php\/wp-json\/wp\/v2\/posts\/23494"}],"collection":[{"href":"https:\/\/todoapulmon-rafaela.com\/index.php\/wp-json\/wp\/v2\/posts"}],"about":[{"href":"https:\/\/todoapulmon-rafaela.com\/index.php\/wp-json\/wp\/v2\/types\/post"}],"author":[{"embeddable":true,"href":"https:\/\/todoapulmon-rafaela.com\/index.php\/wp-json\/wp\/v2\/users\/2"}],"replies":[{"embeddable":true,"href":"https:\/\/todoapulmon-rafaela.com\/index.php\/wp-json\/wp\/v2\/comments?post=23494"}],"version-history":[{"count":1,"href":"https:\/\/todoapulmon-rafaela.com\/index.php\/wp-json\/wp\/v2\/posts\/23494\/revisions"}],"predecessor-version":[{"id":23496,"href":"https:\/\/todoapulmon-rafaela.com\/index.php\/wp-json\/wp\/v2\/posts\/23494\/revisions\/23496"}],"wp:featuredmedia":[{"embeddable":true,"href":"https:\/\/todoapulmon-rafaela.com\/index.php\/wp-json\/wp\/v2\/media\/23495"}],"wp:attachment":[{"href":"https:\/\/todoapulmon-rafaela.com\/index.php\/wp-json\/wp\/v2\/media?parent=23494"}],"wp:term":[{"taxonomy":"category","embeddable":true,"href":"https:\/\/todoapulmon-rafaela.com\/index.php\/wp-json\/wp\/v2\/categories?post=23494"},{"taxonomy":"post_tag","embeddable":true,"href":"https:\/\/todoapulmon-rafaela.com\/index.php\/wp-json\/wp\/v2\/tags?post=23494"}],"curies":[{"name":"wp","href":"https:\/\/api.w.org\/{rel}","templated":true}]}}