{"id":23491,"date":"2020-12-20T13:25:46","date_gmt":"2020-12-20T13:25:46","guid":{"rendered":"https:\/\/todoapulmon-rafaela.com\/?p=23491"},"modified":"2020-12-20T13:25:46","modified_gmt":"2020-12-20T13:25:46","slug":"finalizo-el-primer-periodo-de-todos-al-agua","status":"publish","type":"post","link":"https:\/\/todoapulmon-rafaela.com\/index.php\/2020\/12\/20\/finalizo-el-primer-periodo-de-todos-al-agua\/","title":{"rendered":"Finaliz\u00f3 el primer per\u00edodo de \u201cTodos al agua\u201d"},"content":{"rendered":"<p style=\"font-weight: 400\">El 9 de diciembre comenz\u00f3 \u00abTodos al agua\u00bb, programa que organiza la Municipalidad de Rafaela para ni\u00f1os y ni\u00f1as de 6 a 12 a\u00f1os que viven en 25 barrios de nuestra ciudad. En esta ocasi\u00f3n, fue el turno de chicos y chicas de los barrios Jard\u00edn, Italia y 17 de Octubre.<\/p>\n<p style=\"font-weight: 400\">\u00a0Recordemos que, esta actividad gratuita se desarrolla durante los meses de diciembre, enero y febrero en la pileta de la Granja El Ceibo, de lunes a viernes en el horario de 9:00 a 11.30.<\/p>\n<p style=\"font-weight: 400\">\u00a0El subsecretario de Deporte y Recreaci\u00f3n, Ignacio Podio, manifest\u00f3 que \u201cfue muy positiva esta primera etapa ya que los chicos y chicas pudieron aprovechar todos los d\u00edas gracias a que el clima nos acompa\u00f1\u00f3. Se puede ver que est\u00e1n muy contentos y lo disfrutan\u201d.<\/p>\n<p style=\"font-weight: 400\">\u00a0\u201cEste a\u00f1o desde la Subsecretaria tuvimos que reinventarnos en un mont\u00f3n de actividades. Buscamos otra forma a la que est\u00e1bamos acostumbrados y por eso surgi\u00f3 esta escuelita de nataci\u00f3n. Al trabajar con menos personas, podemos ense\u00f1arles a nadar, cosa que no pod\u00edamos hacer otros a\u00f1os por la gran cantidad de concurrentes\u201d, explic\u00f3.<\/p>\n<p style=\"font-weight: 400\">\u00a0Cabe indicar que del 21 al 31 de diciembre, el periodo estar\u00e1 destinado a los barrio G\u00fcemes, Mart\u00edn Fierro y Luj\u00e1n.<\/p>\n<p style=\"font-weight: 400\">\u00a0<strong>Continuidad<\/strong><\/p>\n<p style=\"font-weight: 400\">Por su parte, la Jefa de Gabinete, Amalia Galantti, indic\u00f3 que \u201cdesde el Gobierno local tomamos la decisi\u00f3n, a pesar de este contexto de pandemia que nos atraves\u00f3 todo este a\u00f1o, de poder darle continuidad a las acciones de trabajo, de inclusi\u00f3n y formaci\u00f3n deportiva para los chicos\u201d.<\/p>\n<p style=\"font-weight: 400\">\u00a0\u201cNos parece muy importante poder generar estos espacios. En este caso concreto se transform\u00f3 en una escuela de verano donde los chicos y chicas, trabajando en grupos m\u00e1s reducidos para respetar los protocolos, pudieran aprender herramientas de nataci\u00f3n\u201d, agreg\u00f3.<\/p>\n<p style=\"font-weight: 400\">\u00a0\u201cCuando charlamos con ellos y los escuch\u00e1bamos como pudieron meter la cabeza debajo del agua, aprender a sumergirse, aprender a nadar los diferentes estilos, se los ve\u00eda disfrutar y mucha alegr\u00eda en sus rostros\u201d, cont\u00f3 la funcionaria.<\/p>\n<p style=\"font-weight: 400\">\u00a0<strong>Protocolo<\/strong><\/p>\n<p style=\"font-weight: 400\">Se trabaja bajo los protocolos vigentes, para lo cual se le toma la temperatura a cada uno de los asistentes, y se dispone de un profesor cada 10 asistentes.<\/p>\n<p style=\"font-weight: 400\">Cabe resaltar que se redujo la capacidad al 30 por ciento en la ocupaci\u00f3n, tanto adentro de la pileta como en el predio.<\/p>\n<p style=\"font-weight: 400\">\u201cEstipulamos que alrededor de 1500 chicos y chicas van a pasar y disfrutar a lo largo de todos los periodos. Son 25 barrios con los que estamos trabajando y contamos con la pileta de la Granja El Ceibo\u201d, indic\u00f3 Podio.<\/p>\n","protected":false},"excerpt":{"rendered":"<p>El 9 de diciembre comenz\u00f3 \u00abTodos al agua\u00bb, programa que organiza la Municipalidad de Rafaela para ni\u00f1os y ni\u00f1as de<\/p>\n","protected":false},"author":2,"featured_media":23492,"comment_status":"open","ping_status":"open","sticky":false,"template":"","format":"standard","meta":{"footnotes":""},"categories":[26],"tags":[],"class_list":["post-23491","post","type-post","status-publish","format-standard","has-post-thumbnail","hentry","category-natacion"],"cc_featured_image_caption":{"caption_text":"Foto Prensa Municipalidad","source_text":"","source_url":""},"_links":{"self":[{"href":"https:\/\/todoapulmon-rafaela.com\/index.php\/wp-json\/wp\/v2\/posts\/23491"}],"collection":[{"href":"https:\/\/todoapulmon-rafaela.com\/index.php\/wp-json\/wp\/v2\/posts"}],"about":[{"href":"https:\/\/todoapulmon-rafaela.com\/index.php\/wp-json\/wp\/v2\/types\/post"}],"author":[{"embeddable":true,"href":"https:\/\/todoapulmon-rafaela.com\/index.php\/wp-json\/wp\/v2\/users\/2"}],"replies":[{"embeddable":true,"href":"https:\/\/todoapulmon-rafaela.com\/index.php\/wp-json\/wp\/v2\/comments?post=23491"}],"version-history":[{"count":1,"href":"https:\/\/todoapulmon-rafaela.com\/index.php\/wp-json\/wp\/v2\/posts\/23491\/revisions"}],"predecessor-version":[{"id":23493,"href":"https:\/\/todoapulmon-rafaela.com\/index.php\/wp-json\/wp\/v2\/posts\/23491\/revisions\/23493"}],"wp:featuredmedia":[{"embeddable":true,"href":"https:\/\/todoapulmon-rafaela.com\/index.php\/wp-json\/wp\/v2\/media\/23492"}],"wp:attachment":[{"href":"https:\/\/todoapulmon-rafaela.com\/index.php\/wp-json\/wp\/v2\/media?parent=23491"}],"wp:term":[{"taxonomy":"category","embeddable":true,"href":"https:\/\/todoapulmon-rafaela.com\/index.php\/wp-json\/wp\/v2\/categories?post=23491"},{"taxonomy":"post_tag","embeddable":true,"href":"https:\/\/todoapulmon-rafaela.com\/index.php\/wp-json\/wp\/v2\/tags?post=23491"}],"curies":[{"name":"wp","href":"https:\/\/api.w.org\/{rel}","templated":true}]}}