{"id":23449,"date":"2020-12-16T11:06:15","date_gmt":"2020-12-16T11:06:15","guid":{"rendered":"https:\/\/todoapulmon-rafaela.com\/?p=23449"},"modified":"2020-12-16T11:06:32","modified_gmt":"2020-12-16T11:06:32","slug":"23449","status":"publish","type":"post","link":"https:\/\/todoapulmon-rafaela.com\/index.php\/2020\/12\/16\/23449\/","title":{"rendered":"El Nacional de Mayores con presencias rafaelinas"},"content":{"rendered":"<p>El 100\u00b0 Campeonato Nacional de Mayores \u00abBraian Toledo\u00bb tendr\u00e1 lugar en durante los d\u00edas 18, 19 y 20 del corriente en la pista sint\u00e9tica Luis Brunetto de la ciudad de Rosario. Debido a las exigencias del protocolo sanitario, hubo que recurrir a una importante disminuci\u00f3n de participantes, utiliz\u00e1ndose un sistema de marcas referenciales y adem\u00e1s cupos por prueba, por lo que se podr\u00e1 apreciar un aproximadamente cincuenta por ciento de presencias de lo que es usual en los nacionales.<\/p>\n<p>De nuestra ciudad estar\u00e1n participando Sof\u00eda Kloster, en los 20.000 metros marcha, y Pedro Emmert, en los 400 metros llanos. Asimismo, la sanjorgense Celina Harte -entrenada por Ariel Magallanes- participar\u00e1 en salto en alto.<\/p>\n<p>Cabe acotar que por marcas habilitantes estaba en condiciones de competir Tom\u00e1s Mondino (100 y 200 metros llanos), pero al no tener la edad para un torneo de mayores y por los cupos acotados debido a las caracter\u00edsticas particulares del certamen, finalmente no fue autorizado por la CADA.<\/p>\n<figure id=\"attachment_23451\" aria-describedby=\"caption-attachment-23451\" style=\"width: 300px\" class=\"wp-caption alignnone\"><img loading=\"lazy\" decoding=\"async\" class=\"size-medium wp-image-23451\" src=\"https:\/\/todoapulmon-rafaela.com\/wp-content\/uploads\/2020\/12\/Kloster-adentro-300x263.jpg\" alt=\"Sof\u00eda Kloster\" width=\"300\" height=\"263\" srcset=\"https:\/\/todoapulmon-rafaela.com\/wp-content\/uploads\/2020\/12\/Kloster-adentro-300x263.jpg 300w, https:\/\/todoapulmon-rafaela.com\/wp-content\/uploads\/2020\/12\/Kloster-adentro-1711x1500.jpg 1711w\" sizes=\"(max-width: 300px) 100vw, 300px\" \/><figcaption id=\"caption-attachment-23451\" class=\"wp-caption-text\">Sof\u00eda Kloster<\/figcaption><\/figure>\n<p>La se\u00f1al de TyC Sports ser\u00e1 la encargada de emitir en directo entre las 9 y las 11 horas los d\u00edas viernes 18 y s\u00e1bado 19 y, en diferido, entre las 13 y las 15 horas del domingo 20.<\/p>\n<p>Atletas de todo el pa\u00eds se reunir\u00e1n en la ciudad de Rosario para lograr marcas que les permitan clasificar a los Juegos Ol\u00edmpicos de Tokio 2021.<\/p>\n","protected":false},"excerpt":{"rendered":"<p>El 100\u00b0 Campeonato Nacional de Mayores \u00abBraian Toledo\u00bb tendr\u00e1 lugar en durante los d\u00edas 18, 19 y 20 del corriente<\/p>\n","protected":false},"author":2,"featured_media":23450,"comment_status":"open","ping_status":"open","sticky":false,"template":"","format":"standard","meta":{"footnotes":""},"categories":[7,24],"tags":[],"class_list":["post-23449","post","type-post","status-publish","format-standard","has-post-thumbnail","hentry","category-atletismo","category-noticias-destacadas"],"cc_featured_image_caption":{"caption_text":"Pedro Emmert liderando una de las recientes pruebas de 400 metros en el Parque Ol\u00edmpico de Buenos Aires.","source_text":"","source_url":""},"_links":{"self":[{"href":"https:\/\/todoapulmon-rafaela.com\/index.php\/wp-json\/wp\/v2\/posts\/23449"}],"collection":[{"href":"https:\/\/todoapulmon-rafaela.com\/index.php\/wp-json\/wp\/v2\/posts"}],"about":[{"href":"https:\/\/todoapulmon-rafaela.com\/index.php\/wp-json\/wp\/v2\/types\/post"}],"author":[{"embeddable":true,"href":"https:\/\/todoapulmon-rafaela.com\/index.php\/wp-json\/wp\/v2\/users\/2"}],"replies":[{"embeddable":true,"href":"https:\/\/todoapulmon-rafaela.com\/index.php\/wp-json\/wp\/v2\/comments?post=23449"}],"version-history":[{"count":2,"href":"https:\/\/todoapulmon-rafaela.com\/index.php\/wp-json\/wp\/v2\/posts\/23449\/revisions"}],"predecessor-version":[{"id":23453,"href":"https:\/\/todoapulmon-rafaela.com\/index.php\/wp-json\/wp\/v2\/posts\/23449\/revisions\/23453"}],"wp:featuredmedia":[{"embeddable":true,"href":"https:\/\/todoapulmon-rafaela.com\/index.php\/wp-json\/wp\/v2\/media\/23450"}],"wp:attachment":[{"href":"https:\/\/todoapulmon-rafaela.com\/index.php\/wp-json\/wp\/v2\/media?parent=23449"}],"wp:term":[{"taxonomy":"category","embeddable":true,"href":"https:\/\/todoapulmon-rafaela.com\/index.php\/wp-json\/wp\/v2\/categories?post=23449"},{"taxonomy":"post_tag","embeddable":true,"href":"https:\/\/todoapulmon-rafaela.com\/index.php\/wp-json\/wp\/v2\/tags?post=23449"}],"curies":[{"name":"wp","href":"https:\/\/api.w.org\/{rel}","templated":true}]}}