{"id":23427,"date":"2020-12-14T11:23:26","date_gmt":"2020-12-14T11:23:26","guid":{"rendered":"https:\/\/todoapulmon-rafaela.com\/?p=23427"},"modified":"2020-12-14T11:23:26","modified_gmt":"2020-12-14T11:23:26","slug":"lluvia-de-por-medio-atractiva-jornada-de-pista-con-la-seleccion-argentina","status":"publish","type":"post","link":"https:\/\/todoapulmon-rafaela.com\/index.php\/2020\/12\/14\/lluvia-de-por-medio-atractiva-jornada-de-pista-con-la-seleccion-argentina\/","title":{"rendered":"Lluvia de por medio, atractiva jornada de pista con la selecci\u00f3n argentina"},"content":{"rendered":"<p>En la tarde de ayer se realiz\u00f3 la anunciada programaci\u00f3n de pista en el vel\u00f3dromo \u00abH\u00e9ctor Cassina\u00bb del Club Ciclista de Rafaela, marcando el retorno de las competencias luego de m\u00e1s de nueve meses en esta provincia, de acuerdo a los protocolos establecidos por las normativas municipales y provinciales de acuerdo a las caracter\u00edsticas de esta actividad deportiva.<\/p>\n<p>Debido a la lluvia, solamente se pudieron registrar de manera completa los tiempos de la velocidad, que fue la prueba \u00edntegramente cumplimentada. La presencia de los integrantes de las preselecciones argentinas le otorg\u00f3 un importante nivel a la programaci\u00f3n, ante la atenta mirada de los entrenadores Walter P\u00e9rez, Mart\u00edn Ferrari y Daniel Capella.<\/p>\n<p>Lucas Vilar fue el m\u00e1s veloz en los 200 lanzados masculinos con 10s88, seguido por Leandro Botasso y el rafaelino Farid Su\u00e1rez, en tanto que Yoel Vargas se ubic\u00f3 s\u00e9ptimo.<\/p>\n<p>En damas la santiague\u00f1a radicada en Rafaela, Natalia Vera, fue la m\u00e1s veloz, seguia por Valentina Luna y Fiamma Abrisquetta. Tambi\u00e9n formaron parte de las pruebas las locales Agustina y Josefina Echaniz.<\/p>\n<p><img loading=\"lazy\" decoding=\"async\" class=\"alignnone size-medium wp-image-23428\" src=\"https:\/\/todoapulmon-rafaela.com\/wp-content\/uploads\/2020\/12\/WhatsApp-Image-2020-12-14-at-08.04.09-264x300.jpeg\" alt=\"WhatsApp Image 2020-12-14 at 08.04.09\" width=\"264\" height=\"300\" srcset=\"https:\/\/todoapulmon-rafaela.com\/wp-content\/uploads\/2020\/12\/WhatsApp-Image-2020-12-14-at-08.04.09-264x300.jpeg 264w, https:\/\/todoapulmon-rafaela.com\/wp-content\/uploads\/2020\/12\/WhatsApp-Image-2020-12-14-at-08.04.09.jpeg 459w\" sizes=\"(max-width: 264px) 100vw, 264px\" \/><\/p>\n<p><img loading=\"lazy\" decoding=\"async\" class=\"alignnone size-medium wp-image-23430\" src=\"https:\/\/todoapulmon-rafaela.com\/wp-content\/uploads\/2020\/12\/P1390951_resultado-300x225.jpg\" alt=\"P1390951_resultado\" width=\"300\" height=\"225\" srcset=\"https:\/\/todoapulmon-rafaela.com\/wp-content\/uploads\/2020\/12\/P1390951_resultado-300x225.jpg 300w, https:\/\/todoapulmon-rafaela.com\/wp-content\/uploads\/2020\/12\/P1390951_resultado.jpg 1600w\" sizes=\"(max-width: 300px) 100vw, 300px\" \/> <img loading=\"lazy\" decoding=\"async\" class=\"alignnone size-medium wp-image-23431\" src=\"https:\/\/todoapulmon-rafaela.com\/wp-content\/uploads\/2020\/12\/P1390949_resultado-231x300.jpg\" alt=\"P1390949_resultado\" width=\"231\" height=\"300\" srcset=\"https:\/\/todoapulmon-rafaela.com\/wp-content\/uploads\/2020\/12\/P1390949_resultado-231x300.jpg 231w, https:\/\/todoapulmon-rafaela.com\/wp-content\/uploads\/2020\/12\/P1390949_resultado.jpg 923w\" sizes=\"(max-width: 231px) 100vw, 231px\" \/><\/p>\n","protected":false},"excerpt":{"rendered":"<p>En la tarde de ayer se realiz\u00f3 la anunciada programaci\u00f3n de pista en el vel\u00f3dromo \u00abH\u00e9ctor Cassina\u00bb del Club Ciclista<\/p>\n","protected":false},"author":2,"featured_media":23429,"comment_status":"open","ping_status":"open","sticky":false,"template":"","format":"standard","meta":{"footnotes":""},"categories":[4,24],"tags":[],"class_list":["post-23427","post","type-post","status-publish","format-standard","has-post-thumbnail","hentry","category-ciclismo","category-noticias-destacadas"],"cc_featured_image_caption":{"caption_text":"Farid Su\u00e1rez tuvo el tercer mejor tiempo en la velocidad.","source_text":"","source_url":""},"_links":{"self":[{"href":"https:\/\/todoapulmon-rafaela.com\/index.php\/wp-json\/wp\/v2\/posts\/23427"}],"collection":[{"href":"https:\/\/todoapulmon-rafaela.com\/index.php\/wp-json\/wp\/v2\/posts"}],"about":[{"href":"https:\/\/todoapulmon-rafaela.com\/index.php\/wp-json\/wp\/v2\/types\/post"}],"author":[{"embeddable":true,"href":"https:\/\/todoapulmon-rafaela.com\/index.php\/wp-json\/wp\/v2\/users\/2"}],"replies":[{"embeddable":true,"href":"https:\/\/todoapulmon-rafaela.com\/index.php\/wp-json\/wp\/v2\/comments?post=23427"}],"version-history":[{"count":1,"href":"https:\/\/todoapulmon-rafaela.com\/index.php\/wp-json\/wp\/v2\/posts\/23427\/revisions"}],"predecessor-version":[{"id":23432,"href":"https:\/\/todoapulmon-rafaela.com\/index.php\/wp-json\/wp\/v2\/posts\/23427\/revisions\/23432"}],"wp:featuredmedia":[{"embeddable":true,"href":"https:\/\/todoapulmon-rafaela.com\/index.php\/wp-json\/wp\/v2\/media\/23429"}],"wp:attachment":[{"href":"https:\/\/todoapulmon-rafaela.com\/index.php\/wp-json\/wp\/v2\/media?parent=23427"}],"wp:term":[{"taxonomy":"category","embeddable":true,"href":"https:\/\/todoapulmon-rafaela.com\/index.php\/wp-json\/wp\/v2\/categories?post=23427"},{"taxonomy":"post_tag","embeddable":true,"href":"https:\/\/todoapulmon-rafaela.com\/index.php\/wp-json\/wp\/v2\/tags?post=23427"}],"curies":[{"name":"wp","href":"https:\/\/api.w.org\/{rel}","templated":true}]}}