{"id":23404,"date":"2020-12-11T20:30:16","date_gmt":"2020-12-11T20:30:16","guid":{"rendered":"https:\/\/todoapulmon-rafaela.com\/?p=23404"},"modified":"2020-12-11T20:30:16","modified_gmt":"2020-12-11T20:30:16","slug":"se-podra-practicar-deporte-hasta-las-22","status":"publish","type":"post","link":"https:\/\/todoapulmon-rafaela.com\/index.php\/2020\/12\/11\/se-podra-practicar-deporte-hasta-las-22\/","title":{"rendered":"Se podr\u00e1 practicar deporte hasta las 22"},"content":{"rendered":"<p align=\"left\"><span style=\"font-family: arial, helvetica, sans-serif\"><span style=\"font-size: small\">Este viernes, el intendente Luis Castellano firm\u00f3 el Decreto municipal N\u00b0 51.123 a partir del cual se establecen nuevas medidas para nuestra ciudad, conforme a una disminuci\u00f3n de los casos de COVID-19.<\/span><\/span><br \/>\nEn lo inherente a la p<span style=\"font-family: arial, helvetica, sans-serif\"><span style=\"font-size: small\">r\u00e1ctica deportiva, se llevar\u00e1 a cabo hasta las 22:00. Y agrega que \u201cla pr\u00e1ctica de competencias automovil\u00edsticas y motocicl\u00edsticas seguir\u00e1 sin concurrencia de espectadores, de lunes a domingo de 08:00 a 20:00\u201d.<\/span><\/span><\/p>\n<p style=\"text-align: center\" align=\"left\"><span style=\"font-family: arial, helvetica, sans-serif\"><span style=\"font-size: small\">De<\/span><\/span><span style=\"font-family: arial, helvetica, sans-serif\"><span style=\"font-size: small\">sde el s\u00e1bado 12 de diciembre, las grandes superficies comerciales -supermercados, autoservicios y minimercados- podr\u00e1n permanecer abiertas a la atenci\u00f3n al p\u00fablico de 8:00 a 21:00, de lunes a s\u00e1bados inclusive.\u00a0<\/span><\/span><\/p>\n<p><span style=\"font-family: arial, helvetica, sans-serif\"><span style=\"font-size: small\">Los almacenes, despensas, kioscos, drugstores y otros comercios de proximidad afines, tendr\u00e1n habilitaci\u00f3n para funcionar de lunes a domingo, de 6:00 a 2:00 horas.\u00a0<\/span><\/span><\/p>\n<p><span style=\"font-family: arial, helvetica, sans-serif\"><span style=\"font-size: small\">Para los bares, restaurantes, helader\u00edas y locales gastron\u00f3micos con concurrencia de comensales, se estableci\u00f3 que podr\u00e1n funcionar de lunes a domingo hasta la hora 2:00.\u00a0<\/span><\/span><\/p>\n<p><span style=\"font-family: arial, helvetica, sans-serif\"><span style=\"font-size: small\">De lunes a domingo hasta las 2:00, estar\u00e1n habilitados locales gastron\u00f3micos de venta de productos alimenticios elaborados, sin concurrencia de comensales. En tanto que los comercios minoristas y mayoristas no enunciados en los puntos anteriores, desarrollar\u00e1n sus tareas de 8:00 a 21:00, de lunes a s\u00e1bado inclusive.\u00a0<\/span><\/span><br \/>\nM<span style=\"font-family: arial, helvetica, sans-serif\"><span style=\"font-size: small\">ientras que las actividades y talleres art\u00edsticos, culturales y academias o institutos de ense\u00f1anza de idiomas extranjeros, lo har\u00e1n tambi\u00e9n hasta el mismo horario, de lunes a domingo.<\/span><\/span><\/p>\n<p><span style=\"font-family: arial, helvetica, sans-serif\"><span style=\"font-size: small\">La actividad teatral y m\u00fasica en vivo deber\u00e1n informar previamente su realizaci\u00f3n a la Secretar\u00eda de Gobierno y Participaci\u00f3n, desarroll\u00e1ndose en las condiciones establecidas por la normativa provincial.<\/span><\/span><\/p>\n<p><span style=\"font-family: arial, helvetica, sans-serif\"><span style=\"font-size: small\">Finalmente, las restantes condiciones de funcionamiento de las actividades enunciadas que no se hallen espec\u00edficamente reguladas por la normativa municipal vigente o por el presente Decreto, ser\u00e1n las descriptas en la normativa provincial y\/o nacional respectiva que autoriza su funcionamiento, as\u00ed como tambi\u00e9n las que surjan de los protocolos espec\u00edficos aprobados por las autoridades sanitarias.<\/span><\/span><\/p>\n","protected":false},"excerpt":{"rendered":"<p>Este viernes, el intendente Luis Castellano firm\u00f3 el Decreto municipal N\u00b0 51.123 a partir del cual se establecen nuevas medidas<\/p>\n","protected":false},"author":2,"featured_media":23406,"comment_status":"open","ping_status":"open","sticky":false,"template":"","format":"standard","meta":{"footnotes":""},"categories":[1],"tags":[],"class_list":["post-23404","post","type-post","status-publish","format-standard","has-post-thumbnail","hentry","category-sin-categoria"],"cc_featured_image_caption":{"caption_text":"","source_text":"","source_url":""},"_links":{"self":[{"href":"https:\/\/todoapulmon-rafaela.com\/index.php\/wp-json\/wp\/v2\/posts\/23404"}],"collection":[{"href":"https:\/\/todoapulmon-rafaela.com\/index.php\/wp-json\/wp\/v2\/posts"}],"about":[{"href":"https:\/\/todoapulmon-rafaela.com\/index.php\/wp-json\/wp\/v2\/types\/post"}],"author":[{"embeddable":true,"href":"https:\/\/todoapulmon-rafaela.com\/index.php\/wp-json\/wp\/v2\/users\/2"}],"replies":[{"embeddable":true,"href":"https:\/\/todoapulmon-rafaela.com\/index.php\/wp-json\/wp\/v2\/comments?post=23404"}],"version-history":[{"count":2,"href":"https:\/\/todoapulmon-rafaela.com\/index.php\/wp-json\/wp\/v2\/posts\/23404\/revisions"}],"predecessor-version":[{"id":23407,"href":"https:\/\/todoapulmon-rafaela.com\/index.php\/wp-json\/wp\/v2\/posts\/23404\/revisions\/23407"}],"wp:featuredmedia":[{"embeddable":true,"href":"https:\/\/todoapulmon-rafaela.com\/index.php\/wp-json\/wp\/v2\/media\/23406"}],"wp:attachment":[{"href":"https:\/\/todoapulmon-rafaela.com\/index.php\/wp-json\/wp\/v2\/media?parent=23404"}],"wp:term":[{"taxonomy":"category","embeddable":true,"href":"https:\/\/todoapulmon-rafaela.com\/index.php\/wp-json\/wp\/v2\/categories?post=23404"},{"taxonomy":"post_tag","embeddable":true,"href":"https:\/\/todoapulmon-rafaela.com\/index.php\/wp-json\/wp\/v2\/tags?post=23404"}],"curies":[{"name":"wp","href":"https:\/\/api.w.org\/{rel}","templated":true}]}}