{"id":23363,"date":"2020-12-07T22:13:49","date_gmt":"2020-12-07T22:13:49","guid":{"rendered":"https:\/\/todoapulmon-rafaela.com\/?p=23363"},"modified":"2020-12-07T22:13:49","modified_gmt":"2020-12-07T22:13:49","slug":"vuelve-todos-al-agua","status":"publish","type":"post","link":"https:\/\/todoapulmon-rafaela.com\/index.php\/2020\/12\/07\/vuelve-todos-al-agua\/","title":{"rendered":"Vuelve \u00abTodos al agua\u00bb"},"content":{"rendered":"<p style=\"font-weight: 400\">Este 9 de diciembre comenzar\u00e1 \u00abTodos al agua\u00bb, programa que organiza la Municipalidad de Rafaela para ni\u00f1os y ni\u00f1as de 6 a 12 a\u00f1os que viven en 24 barrios de nuestra ciudad. Los interesados en participar deben inscribirse en la sede vecinal de su sector con la planilla remitida por la Subsecretar\u00eda de Deportes y Recreaci\u00f3n.<\/p>\n<p style=\"font-weight: 400\">Este programa gratuito se desarrolla durante los meses de diciembre, enero y febrero en las piletas de la Granja El Ceibo, de lunes a viernes en el horario de 9:00 a 11:30.<\/p>\n<p style=\"font-weight: 400\">Se trata de un acompa\u00f1amiento que incluye el traslado y alimentaci\u00f3n, profesores, mantenimiento y climatizaci\u00f3n de las piletas. De esta forma, quienes no tienen la posibilidad econ\u00f3mica, reciben el beneficio de poder disfrutar del agua de manera absolutamente gratuita.<\/p>\n<p style=\"font-weight: 400\">Este a\u00f1o, se continuar\u00e1 trabajando con la modalidad de per\u00edodos destinados a cada barrio para asistir. Cada uno de ellos ser\u00e1 informado previamente para la realizaci\u00f3n de las inscripciones.<\/p>\n<p style=\"font-weight: 400\">\u201cEs un programa muy importante de inclusi\u00f3n social porque, para muchos, es la \u00fanica posibilidad que tienen en el a\u00f1o de disfrutar de una pileta\u201d, sostuvo el subsecretario de Deportes y Recreaci\u00f3n, Ignacio Podio.<\/p>\n<p style=\"font-weight: 400\">\u201cResulta fruct\u00edfero volver a poner a disposici\u00f3n de la ciudad la escuelita de verano Todos al agua. Si bien no tendremos lo que estamos acostumbrados, se trabaj\u00f3 en un cronograma para el cumplimiento de todos los protocolos vigentes. Los chicos y chicas podr\u00e1n desarrollar actividades recreativas y deportivas, y al ser menos la cantidad de concurrentes, se les ense\u00f1ar\u00e1 a nadar con clases de nataci\u00f3n\u201d, remarc\u00f3.<\/p>\n<p style=\"font-weight: 400\">\u201cEs todo un desaf\u00edo planificar un verano de muchas actividades pensadas, logrando la mejor normalidad, con sus limitaciones, protocolos y cuidados necesarios. Trabajamos d\u00eda a d\u00eda para lograrlo\u201d, agreg\u00f3 Podio.<\/p>\n<p style=\"font-weight: 400\"><strong>Protocolos<\/strong><\/p>\n<p style=\"font-weight: 400\">Se trabajar\u00e1 bajo los protocolos vigentes, para lo cual se le tomar\u00e1 la temperatura a cada uno de los chicos y chicas, y se dispondr\u00e1 de un profesor cada 10 asistentes.<\/p>\n<p style=\"font-weight: 400\">Cabe resaltar que se reducir\u00e1 la capacidad al 30 por ciento en la ocupaci\u00f3n tanto adentro de la pileta como en el predio.<\/p>\n<p style=\"font-weight: 400\">\u201cEn caso de que llueva el d\u00eda previo o antes del horario, las actividades quedar\u00e1n suspendidas. Lo mismo pasar\u00e1 si sucede una vez comenzadas, es decir, cada chico ser\u00e1 devuelto por el transporte a la parada habitual para evitar aglomeraciones en las instalaciones\u201d, detall\u00f3 el Subsecretario.<\/p>\n<p style=\"font-weight: 400\"><strong>Escuelita de nataci\u00f3n<\/strong><\/p>\n<p style=\"font-weight: 400\">En el predio, de 14 a 17, se desarrollar\u00e1 la Escuelita de Nataci\u00f3n para todas las personas interesadas de 12 a\u00f1os en adelante.<\/p>\n<p style=\"font-weight: 400\">Las inscripciones se realizan en la pileta municipal Granja \u201cEl Ceibo\u201d (Chaco y Joaqu\u00edn V. Gonz\u00e1lez). Cabe aclarar que la actividad se llevar\u00e1 adelante con protocolos y una ocupaci\u00f3n del 30 por ciento.<\/p>\n","protected":false},"excerpt":{"rendered":"<p>Este 9 de diciembre comenzar\u00e1 \u00abTodos al agua\u00bb, programa que organiza la Municipalidad de Rafaela para ni\u00f1os y ni\u00f1as de<\/p>\n","protected":false},"author":2,"featured_media":23364,"comment_status":"open","ping_status":"open","sticky":false,"template":"","format":"standard","meta":{"footnotes":""},"categories":[26],"tags":[],"class_list":["post-23363","post","type-post","status-publish","format-standard","has-post-thumbnail","hentry","category-natacion"],"cc_featured_image_caption":{"caption_text":"","source_text":"","source_url":""},"_links":{"self":[{"href":"https:\/\/todoapulmon-rafaela.com\/index.php\/wp-json\/wp\/v2\/posts\/23363"}],"collection":[{"href":"https:\/\/todoapulmon-rafaela.com\/index.php\/wp-json\/wp\/v2\/posts"}],"about":[{"href":"https:\/\/todoapulmon-rafaela.com\/index.php\/wp-json\/wp\/v2\/types\/post"}],"author":[{"embeddable":true,"href":"https:\/\/todoapulmon-rafaela.com\/index.php\/wp-json\/wp\/v2\/users\/2"}],"replies":[{"embeddable":true,"href":"https:\/\/todoapulmon-rafaela.com\/index.php\/wp-json\/wp\/v2\/comments?post=23363"}],"version-history":[{"count":1,"href":"https:\/\/todoapulmon-rafaela.com\/index.php\/wp-json\/wp\/v2\/posts\/23363\/revisions"}],"predecessor-version":[{"id":23365,"href":"https:\/\/todoapulmon-rafaela.com\/index.php\/wp-json\/wp\/v2\/posts\/23363\/revisions\/23365"}],"wp:featuredmedia":[{"embeddable":true,"href":"https:\/\/todoapulmon-rafaela.com\/index.php\/wp-json\/wp\/v2\/media\/23364"}],"wp:attachment":[{"href":"https:\/\/todoapulmon-rafaela.com\/index.php\/wp-json\/wp\/v2\/media?parent=23363"}],"wp:term":[{"taxonomy":"category","embeddable":true,"href":"https:\/\/todoapulmon-rafaela.com\/index.php\/wp-json\/wp\/v2\/categories?post=23363"},{"taxonomy":"post_tag","embeddable":true,"href":"https:\/\/todoapulmon-rafaela.com\/index.php\/wp-json\/wp\/v2\/tags?post=23363"}],"curies":[{"name":"wp","href":"https:\/\/api.w.org\/{rel}","templated":true}]}}