{"id":23359,"date":"2020-12-07T12:23:26","date_gmt":"2020-12-07T12:23:26","guid":{"rendered":"https:\/\/todoapulmon-rafaela.com\/?p=23359"},"modified":"2020-12-07T12:23:42","modified_gmt":"2020-12-07T12:23:42","slug":"volvio-el-ciclismo-en-entre-rios-y-fue-triunfo-de-nicolas-antorena","status":"publish","type":"post","link":"https:\/\/todoapulmon-rafaela.com\/index.php\/2020\/12\/07\/volvio-el-ciclismo-en-entre-rios-y-fue-triunfo-de-nicolas-antorena\/","title":{"rendered":"Volvi\u00f3 el ciclismo en Paran\u00e1 y fue triunfo de Nicol\u00e1s Antorena"},"content":{"rendered":"<p>En el Complejo \u00abArnoldo Sabino Pucheta\u00bb de Paran\u00e1 se desarroll\u00f3 este fin de semana la primera competencia de ciclismo post-pandemia en esa ciudad entrerriana, que convoc\u00f3 a una nutrida cantidad de pedalistas de la regi\u00f3n Litoral, incluyendo varios de nuestra ciudad.<\/p>\n<p>La prueba principal tuvo el triunfo de Nicol\u00e1s Antorena, el chubutense radicado en Rafaela y que en los \u00faltimos d\u00edas recibi\u00f3 la confirmaci\u00f3n de su continuidad durante 2021 en el ciclismo profesional espa\u00f1ol. La actividad se desarroll\u00f3 en el marco de las aperturas deportivas implementadas en las \u00faltimas semanas, bajo los protocolos espec\u00edficos.<\/p>\n<p>Estos fueron los resultados generales:<\/p>\n<p>Elite \u2013 Sub 23 \u2013 Master A 1 \u2013 Junior y Elite II<br \/>\n1\u00b0 Nicol\u00e1s Antorena \u2013 Rafaela<br \/>\n2\u00b0 Federico Savio \u2013 Concordia<br \/>\n3\u00b0 Tom\u00e1s Augusti \u2013 Paran\u00e1<br \/>\n4\u00b0 Juan Manuel Aguirre \u2013 Santo Tom\u00e9<br \/>\n5\u00b0 Francisco Violaz \u2013 Gualeguaych\u00fa<\/p>\n<p>Aficionados<br \/>\n1\u00b0 Sebasti\u00e1n Appelhans \u2013 Esperanza<br \/>\n2\u00b0 Nicol\u00e1s G\u00f3mez \u2013 Rafaela<br \/>\n3\u00b0Gast\u00f3n Lomagno \u2013 Santa Fe<br \/>\n4\u00b0 Pablo Nolina \u2013 Paran\u00e1<br \/>\n5\u00b0 Marcelo Ledesma \u2013 Crespo<\/p>\n<p>M\u00e1ster C \u2013 D y Damas<br \/>\n1\u00b0 Marcelo Wiliezko \u2013 Crespo<br \/>\n2\u00b0 Mario Giuliano \u2013 Arequito<br \/>\n3\u00b0 Federico Corsich \u2013 Victoria<br \/>\n4\u00b0 Marcelo Guti\u00e9rrez \u2013 Casilda<br \/>\n5\u00b0 Marcelo Tognato \u2013 Casilda<\/p>\n<p>Master A II y B<br \/>\n1\u00b0 Mauricio Petrozelli \u2013 Concordia<br \/>\n2\u00b0 Jos\u00e9 Ballari \u2013 Santa Fe<br \/>\n3\u00b0 Mauro Iba\u00f1ez \u2013 Paran\u00e1<br \/>\n4\u00b0 Diego Bierschuvall Crespo<br \/>\n5\u00b0 Diego Guti\u00e9rrez \u2013 Santa Fe<\/p>\n<p>Especial 2005\/2004<br \/>\n1\u00b0 Jaqu\u00edn Elssaser \u2013 Paran\u00e1.<\/p>\n<div class=\"o9v6fnle cxmmr5t8 oygrvhab hcukyx3x c1et5uql ii04i59q\"><\/div>\n<div class=\"o9v6fnle cxmmr5t8 oygrvhab hcukyx3x c1et5uql ii04i59q\"><\/div>\n","protected":false},"excerpt":{"rendered":"<p>En el Complejo \u00abArnoldo Sabino Pucheta\u00bb de Paran\u00e1 se desarroll\u00f3 este fin de semana la primera competencia de ciclismo post-pandemia<\/p>\n","protected":false},"author":2,"featured_media":23360,"comment_status":"open","ping_status":"open","sticky":false,"template":"","format":"standard","meta":{"footnotes":""},"categories":[4,24],"tags":[],"class_list":["post-23359","post","type-post","status-publish","format-standard","has-post-thumbnail","hentry","category-ciclismo","category-noticias-destacadas"],"cc_featured_image_caption":{"caption_text":"Foto Ezequiel Gobbi","source_text":"","source_url":""},"_links":{"self":[{"href":"https:\/\/todoapulmon-rafaela.com\/index.php\/wp-json\/wp\/v2\/posts\/23359"}],"collection":[{"href":"https:\/\/todoapulmon-rafaela.com\/index.php\/wp-json\/wp\/v2\/posts"}],"about":[{"href":"https:\/\/todoapulmon-rafaela.com\/index.php\/wp-json\/wp\/v2\/types\/post"}],"author":[{"embeddable":true,"href":"https:\/\/todoapulmon-rafaela.com\/index.php\/wp-json\/wp\/v2\/users\/2"}],"replies":[{"embeddable":true,"href":"https:\/\/todoapulmon-rafaela.com\/index.php\/wp-json\/wp\/v2\/comments?post=23359"}],"version-history":[{"count":2,"href":"https:\/\/todoapulmon-rafaela.com\/index.php\/wp-json\/wp\/v2\/posts\/23359\/revisions"}],"predecessor-version":[{"id":23362,"href":"https:\/\/todoapulmon-rafaela.com\/index.php\/wp-json\/wp\/v2\/posts\/23359\/revisions\/23362"}],"wp:featuredmedia":[{"embeddable":true,"href":"https:\/\/todoapulmon-rafaela.com\/index.php\/wp-json\/wp\/v2\/media\/23360"}],"wp:attachment":[{"href":"https:\/\/todoapulmon-rafaela.com\/index.php\/wp-json\/wp\/v2\/media?parent=23359"}],"wp:term":[{"taxonomy":"category","embeddable":true,"href":"https:\/\/todoapulmon-rafaela.com\/index.php\/wp-json\/wp\/v2\/categories?post=23359"},{"taxonomy":"post_tag","embeddable":true,"href":"https:\/\/todoapulmon-rafaela.com\/index.php\/wp-json\/wp\/v2\/tags?post=23359"}],"curies":[{"name":"wp","href":"https:\/\/api.w.org\/{rel}","templated":true}]}}