{"id":2331,"date":"2016-08-27T12:18:03","date_gmt":"2016-08-27T12:18:03","guid":{"rendered":"http:\/\/todoapulmon-rafaela.com\/?p=2331"},"modified":"2016-08-27T12:18:03","modified_gmt":"2016-08-27T12:18:03","slug":"juveniles-en-el-campus-del-plan-de-formacion","status":"publish","type":"post","link":"https:\/\/todoapulmon-rafaela.com\/index.php\/2016\/08\/27\/juveniles-en-el-campus-del-plan-de-formacion\/","title":{"rendered":"Juveniles en el Campus del Plan de Formaci\u00f3n"},"content":{"rendered":"<p>Este viernes se llev\u00f3 a cabo en G\u00e1lvez uno de los Campus de la Provincia de Santa Fe, organizado por la Confederaci\u00f3n Argentina de B\u00e1squetbol, en el marco del Plan Nacional de Formaci\u00f3n.<br \/>\nEn representaci\u00f3n de la Asociaci\u00f3n Rafaelina participaron los jugadores Valent\u00edn Boscacci y Facundo Breques, de Libertad de Sunchales; y Juan Enrico, de Independiente, acompa\u00f1ados por el preparador f\u00edsico Diego Romera, del Club Atl\u00e9tico.<br \/>\nLa actividad fue coordinada por Javier Ceci y participaron tambi\u00e9n los entrenadores Ra\u00fal Baccala y Fabi\u00e1n Righi. El pr\u00f3ximo encuentro est\u00e1 programado en Rafaela, destacando que Rafaelina y Oeste Santafesino cuentan con sus propios centros de tecnificaci\u00f3n en este proyecto.<\/p>\n<p><img loading=\"lazy\" decoding=\"async\" class=\"alignnone size-medium wp-image-2332\" src=\"http:\/\/todoapulmon-rafaela.com\/wp-content\/uploads\/2016\/08\/14169517_10209087976268653_981832274_n-300x169.jpg\" alt=\"14169517_10209087976268653_981832274_n\" width=\"300\" height=\"169\" srcset=\"https:\/\/todoapulmon-rafaela.com\/wp-content\/uploads\/2016\/08\/14169517_10209087976268653_981832274_n-300x169.jpg 300w, https:\/\/todoapulmon-rafaela.com\/wp-content\/uploads\/2016\/08\/14169517_10209087976268653_981832274_n-768x432.jpg 768w, https:\/\/todoapulmon-rafaela.com\/wp-content\/uploads\/2016\/08\/14169517_10209087976268653_981832274_n.jpg 960w\" sizes=\"(max-width: 300px) 100vw, 300px\" \/><\/p>\n","protected":false},"excerpt":{"rendered":"<p>Este viernes se llev\u00f3 a cabo en G\u00e1lvez uno de los Campus de la Provincia de Santa Fe, organizado por<\/p>\n","protected":false},"author":2,"featured_media":2333,"comment_status":"open","ping_status":"open","sticky":false,"template":"","format":"standard","meta":{"footnotes":""},"categories":[5],"tags":[],"class_list":["post-2331","post","type-post","status-publish","format-standard","has-post-thumbnail","hentry","category-basquet"],"cc_featured_image_caption":{"caption_text":"El profe Diego Romera junto a los chicos Juan Enrico, Valent\u00edn Boscacci y Facundo Breques.","source_text":"","source_url":""},"_links":{"self":[{"href":"https:\/\/todoapulmon-rafaela.com\/index.php\/wp-json\/wp\/v2\/posts\/2331"}],"collection":[{"href":"https:\/\/todoapulmon-rafaela.com\/index.php\/wp-json\/wp\/v2\/posts"}],"about":[{"href":"https:\/\/todoapulmon-rafaela.com\/index.php\/wp-json\/wp\/v2\/types\/post"}],"author":[{"embeddable":true,"href":"https:\/\/todoapulmon-rafaela.com\/index.php\/wp-json\/wp\/v2\/users\/2"}],"replies":[{"embeddable":true,"href":"https:\/\/todoapulmon-rafaela.com\/index.php\/wp-json\/wp\/v2\/comments?post=2331"}],"version-history":[{"count":1,"href":"https:\/\/todoapulmon-rafaela.com\/index.php\/wp-json\/wp\/v2\/posts\/2331\/revisions"}],"predecessor-version":[{"id":2334,"href":"https:\/\/todoapulmon-rafaela.com\/index.php\/wp-json\/wp\/v2\/posts\/2331\/revisions\/2334"}],"wp:featuredmedia":[{"embeddable":true,"href":"https:\/\/todoapulmon-rafaela.com\/index.php\/wp-json\/wp\/v2\/media\/2333"}],"wp:attachment":[{"href":"https:\/\/todoapulmon-rafaela.com\/index.php\/wp-json\/wp\/v2\/media?parent=2331"}],"wp:term":[{"taxonomy":"category","embeddable":true,"href":"https:\/\/todoapulmon-rafaela.com\/index.php\/wp-json\/wp\/v2\/categories?post=2331"},{"taxonomy":"post_tag","embeddable":true,"href":"https:\/\/todoapulmon-rafaela.com\/index.php\/wp-json\/wp\/v2\/tags?post=2331"}],"curies":[{"name":"wp","href":"https:\/\/api.w.org\/{rel}","templated":true}]}}