{"id":23240,"date":"2020-11-27T12:19:59","date_gmt":"2020-11-27T12:19:59","guid":{"rendered":"https:\/\/todoapulmon-rafaela.com\/?p=23240"},"modified":"2020-11-27T12:19:59","modified_gmt":"2020-11-27T12:19:59","slug":"el-panorama-del-triatlon","status":"publish","type":"post","link":"https:\/\/todoapulmon-rafaela.com\/index.php\/2020\/11\/27\/el-panorama-del-triatlon\/","title":{"rendered":"El panorama del triatl\u00f3n"},"content":{"rendered":"<p>Se viene el verano y en condiciones normales ya en estas semanas estar\u00edan apareciendo las primeras competencias de triatl\u00f3n en nuestro pa\u00eds. Una disciplina que en nuestra ciudad fue creciendo en cuanto a n\u00famero de practicantes en los \u00faltimos a\u00f1os, inclusive con representantes en campeonatos mundiales como son los casos de Sergio Peretti, Susana Hauswirth y Pablo Bainotti.<\/p>\n<p>Pero lamentablemente la pandemia del covid 19 sigue siendo un obst\u00e1culo riesgoso para que las actividades deportivas tengan una apertura aproximada a lo que era anteriormente, de acuerdo a la visi\u00f3n de las autoridades gubernamentales, aunque las im\u00e1genes que vimos los argentinos en Buenos Aires en estos \u00faltimos d\u00edas deber\u00edan ser motivo de replanteo en tal sentido.<\/p>\n<p>En octubre, La Paz ya anunci\u00f3 la suspensi\u00f3n de su tradicional Triatl\u00f3n de enero, el m\u00e1s importante del pa\u00eds y entre los mejores de Sudam\u00e9rica. Y en las redes sociales de la Federaci\u00f3n Argentina no existe ninguna informaci\u00f3n sobre un posible calendario 2020\/21, lo cual teniendo en cuenta la fecha que ya transitamos genera escepticismo.<\/p>\n<p>Para las distancias m\u00e1s largas el panorama es un poco m\u00e1s alentador. Ayer hubo una reuni\u00f3n de Ironman en Buenos Aires que empez\u00f3 a vislumbrar algunas precisiones para marzo en adelante.<\/p>\n<p>El 7\/3\u00a0es la fecha elegida para el Ironman full en Mar del Plata, que debi\u00f3 realizarse en noviembre. Est\u00e1\u00a0todo listo para hacerlo pero no a\u00fan no se abren las inscripciones ya que la auditora de la prueba a\u00fan no puede viajar por restricciones en su pa\u00eds (Estados Unidos). Trascendi\u00f3 que si no se resuelve en dos semanas esa complicaci\u00f3n, la carrera pasar\u00eda para 2022.<\/p>\n<p>M\u00e1s claro asoma lo vinculado a otras dos pruebas. El 28 de marzo se realizar\u00eda el Tria 5150 en Escobar, modalidad que se compone de 10 km. de nado, 40 km. de ciclismo y 10 km. de pedestrismo.<\/p>\n<p>En tanto, el 18 de abril est\u00e1 programado el 70.3 en Nordelta. Recordemos que las distancias en este caso son de 1,9 km. de nataci\u00f3n; 90 km. de ciclismo y 21,1 km. de pedestrismo. Cabe acotar que Nordelta podr\u00eda albergar otra competencia similar en el mes de noviembre, entregando clasificaciones para los Mundiales del 2022.<\/p>\n<p>Adem\u00e1s de los competidores de nuestro pa\u00eds y Sudam\u00e9rica, se suman muchos interesados desde Europa que vienen por los pasajes mundialistas.<\/p>\n<p>Por otra parte, los protocolos marcar\u00e1n algunos cambios respecto a lo tradicional. Cada participante se escribir\u00e1 su n\u00famero ya que no habr\u00e1 body marking; no habr\u00e1 voluntarios para ayudar a quitar los trajes tras la nataci\u00f3n; no hay bolsas de transici\u00f3n, se vuelve al antiguo estilo de dejar las cosas al lado de la bicicleta; las rolling start (salidas conjuntas en nataci\u00f3n) ser\u00e1n\u00a0cada 5 segundos, en vez de cada 3 segundos; adem\u00e1s el abastecimiento\u00a0en la bici; uso de marcarillas al principio y al final obligatorio; competencia sin p\u00fablico, charla t\u00e9cnica online; declaraci\u00f3n jurada de salud al momento de acreditarse, entre otros.<\/p>\n","protected":false},"excerpt":{"rendered":"<p>Se viene el verano y en condiciones normales ya en estas semanas estar\u00edan apareciendo las primeras competencias de triatl\u00f3n en<\/p>\n","protected":false},"author":2,"featured_media":23241,"comment_status":"open","ping_status":"open","sticky":false,"template":"","format":"standard","meta":{"footnotes":""},"categories":[24,28],"tags":[],"class_list":["post-23240","post","type-post","status-publish","format-standard","has-post-thumbnail","hentry","category-noticias-destacadas","category-triatlon"],"cc_featured_image_caption":{"caption_text":"El tradicional Tria de La Paz no se realizar\u00e1 en enero.","source_text":"","source_url":""},"_links":{"self":[{"href":"https:\/\/todoapulmon-rafaela.com\/index.php\/wp-json\/wp\/v2\/posts\/23240"}],"collection":[{"href":"https:\/\/todoapulmon-rafaela.com\/index.php\/wp-json\/wp\/v2\/posts"}],"about":[{"href":"https:\/\/todoapulmon-rafaela.com\/index.php\/wp-json\/wp\/v2\/types\/post"}],"author":[{"embeddable":true,"href":"https:\/\/todoapulmon-rafaela.com\/index.php\/wp-json\/wp\/v2\/users\/2"}],"replies":[{"embeddable":true,"href":"https:\/\/todoapulmon-rafaela.com\/index.php\/wp-json\/wp\/v2\/comments?post=23240"}],"version-history":[{"count":1,"href":"https:\/\/todoapulmon-rafaela.com\/index.php\/wp-json\/wp\/v2\/posts\/23240\/revisions"}],"predecessor-version":[{"id":23242,"href":"https:\/\/todoapulmon-rafaela.com\/index.php\/wp-json\/wp\/v2\/posts\/23240\/revisions\/23242"}],"wp:featuredmedia":[{"embeddable":true,"href":"https:\/\/todoapulmon-rafaela.com\/index.php\/wp-json\/wp\/v2\/media\/23241"}],"wp:attachment":[{"href":"https:\/\/todoapulmon-rafaela.com\/index.php\/wp-json\/wp\/v2\/media?parent=23240"}],"wp:term":[{"taxonomy":"category","embeddable":true,"href":"https:\/\/todoapulmon-rafaela.com\/index.php\/wp-json\/wp\/v2\/categories?post=23240"},{"taxonomy":"post_tag","embeddable":true,"href":"https:\/\/todoapulmon-rafaela.com\/index.php\/wp-json\/wp\/v2\/tags?post=23240"}],"curies":[{"name":"wp","href":"https:\/\/api.w.org\/{rel}","templated":true}]}}