{"id":23232,"date":"2020-11-27T11:03:14","date_gmt":"2020-11-27T11:03:14","guid":{"rendered":"https:\/\/todoapulmon-rafaela.com\/?p=23232"},"modified":"2020-11-27T11:03:14","modified_gmt":"2020-11-27T11:03:14","slug":"no-veo-imposible-una-oportunidad-superior","status":"publish","type":"post","link":"https:\/\/todoapulmon-rafaela.com\/index.php\/2020\/11\/27\/no-veo-imposible-una-oportunidad-superior\/","title":{"rendered":"\u201cNo veo imposible una  oportunidad superior\u201d"},"content":{"rendered":"<p>Bruno Fagnola mostr\u00f3 una notoria evoluci\u00f3n como jugador en las \u00faltimas temporadas. El goleador del CAI nos cont\u00f3 sus expectativas.<\/p>\n<p>Es natural que nos haya quedado lejano el recuerdo de la pasada temporada en el b\u00e1squet de la Asociaci\u00f3n Rafaelina. El torneo 2020 ni siquiera lleg\u00f3 a comenzar y para tener las referencias destacadas en el plano individual hay que repasar algunos datos y apelar a los golpes de imagen de los partidos que se hayan presenciado.<\/p>\n<p>Pero creemos que estamos por buen rumbo cuando decimos que Bruno Fagnola (21 a\u00f1os) es uno de los j\u00f3venes que merecen seguir siendo observados. Versatilidad para ocupar distintas funciones en el per\u00edmetro, atrevimiento, anotador, un f\u00edsico que puede mejorarse. Son las credenciales del chico que vive a unos metros de la entrada a Independiente y que puede decir que casi tiene el Club en el patio de su casa. Por eso no sorprende que desde los 6 a\u00f1os sea su lugar en el mundo deportivo, salvo en 2018 cuando fue a pr\u00e9stamo a 9 de Julio para la Liga Provincial.<\/p>\n<p>Dialogamos con el base o escolta de 1m89 que nos cont\u00f3 sus sensaciones a la espera de la vuelta a la competencia:<\/p>\n<p><strong>&#8211; \u00bfC\u00f3mo fue para vos el balance deportivo del a\u00f1o pasado? \u00bfCre\u00e9s que pudiste mejorar como lo pretend\u00edas?<\/strong><\/p>\n<p>&#8211; El balance del a\u00f1o pasado fue positivo, colectivamente e individualmente. Salimos 3eros en el S\u00faper 4 , y perdimos en semifinales con Atl\u00e9tico en el torneo Oficial, quien luego saldr\u00eda campe\u00f3n.<\/p>\n<p>Si pude mejorar como cada a\u00f1o y ya con ganas de arrancar de vuelta, aunque sea todo incertidumbre con esto de la pandemia.<\/p>\n<p><strong>&#8211; \u00bfEn todas las categor\u00edas eras goleador?, \u00bfO se fue dando en este salto a primera? <\/strong><\/p>\n<p>&#8211; No, no en todas las categor\u00edas. Creo que el \u00absalto\u00bb lo doy cuando agarro con la Keka (Storani) en el club. Yo era U17 y me lleva con U19. Desde ese entonces con Walter mejor\u00e9 un mont\u00f3n, as\u00ed que se puede decir que el despegue estuvo en juveniles yendo los dos a\u00f1os a la Rafaelina, cuando no hab\u00eda ido en todas las inferiores.<\/p>\n<p><img loading=\"lazy\" decoding=\"async\" class=\"alignnone size-medium wp-image-23234\" src=\"https:\/\/todoapulmon-rafaela.com\/wp-content\/uploads\/2020\/11\/P1390717-206x300.jpg\" alt=\"P1390717\" width=\"206\" height=\"300\" srcset=\"https:\/\/todoapulmon-rafaela.com\/wp-content\/uploads\/2020\/11\/P1390717-206x300.jpg 206w, https:\/\/todoapulmon-rafaela.com\/wp-content\/uploads\/2020\/11\/P1390717-1030x1500.jpg 1030w\" sizes=\"(max-width: 206px) 100vw, 206px\" \/><\/p>\n<p><strong>&#8211; \u00bfNaturalmente sos base o te gusta m\u00e1s de escolta?<\/strong><\/p>\n<p>&#8211; En inferiores jugu\u00e9 siempre de base, era m\u00e1s de armar el equipo. Cuando empiezo a tener rodaje en primera me dijeron de jugar de escolta, junto a Santi Caligaris que estaba de base. Me adapt\u00e9 y me gusta m\u00e1s porque puedo generar m\u00e1s situaci\u00f3nes de gol para m\u00ed y el equipo, pero si tengo que llevar la pelota y armar juego no tengo problema.<\/p>\n<p><strong>&#8211; \u00bfTen\u00e9s aspiraciones de lograr una oportunidad en un nivel de competencia superior? <\/strong><\/p>\n<p>&#8211; Obvio que las tengo, creo que necesito poner m\u00e1s de mi y entrenarme m\u00e1s para poder cumplirlas, pero no lo veo imposible.<\/p>\n<p><strong>&#8211; \u00bfTe gustar\u00eda que Independiente juegue la Liga Provincial?<\/strong><\/p>\n<p>-Si, me encantar\u00eda jugar la Liga Provincial con Independiente, ser\u00eda un gran sue\u00f1o y oportunidad. En 2017 cuando cumpli\u00f3 100 a\u00f1os la instituci\u00f3n estaba la idea de participar en la Liga \u00abC\u00bb, pero por diferentes motivos no se concret\u00f3.<\/p>\n<p><strong>&#8211; \u00bfTrataste de mantener el entrenamiento durante la pandemia? <\/strong><\/p>\n<p>&#8211; Si, lo mantuve y el equipo tambi\u00e9n. Cuando arranc\u00f3 esto de la cuarentena entren\u00e1bamos v\u00eda zoom y ya cuando activaron las pr\u00e1cticas con protocolos arrancamos en el club. Creo que fuimos unos de los pocos equipos que tuvo la suerte de entrenar de esta manera.<\/p>\n<p><strong>&#8211; \u00bfCre\u00e9s que les va a costar mucho tomar ritmo cuando se vuelva a jugar?<\/strong><\/p>\n<p>&#8211; A todos los equipos nos va a costar el regreso, aunque no haya fecha definida todav\u00eda, la parte f\u00edsica y ritmo de juego de los partidos va a ser lo m\u00e1s dif\u00edcil de recuperar. Esperemos volver a jugar pronto ya que todos los jugadores y clubes lo necesitamos.<\/p>\n<p>NOTA: este texto fue publicado en la edici\u00f3n impresa de Revista Todo a Pulm\u00f3n n\u00famero 90, correspondiente a noviembre de 2020.<\/p>\n","protected":false},"excerpt":{"rendered":"<p>Bruno Fagnola mostr\u00f3 una notoria evoluci\u00f3n como jugador en las \u00faltimas temporadas. El goleador del CAI nos cont\u00f3 sus expectativas.<\/p>\n","protected":false},"author":2,"featured_media":23233,"comment_status":"open","ping_status":"open","sticky":false,"template":"","format":"standard","meta":{"footnotes":""},"categories":[5,24],"tags":[],"class_list":["post-23232","post","type-post","status-publish","format-standard","has-post-thumbnail","hentry","category-basquet","category-noticias-destacadas"],"cc_featured_image_caption":{"caption_text":"Fagnola fue uno de los principales anotadores de la temporada 2019 en el torneo local.","source_text":"","source_url":""},"_links":{"self":[{"href":"https:\/\/todoapulmon-rafaela.com\/index.php\/wp-json\/wp\/v2\/posts\/23232"}],"collection":[{"href":"https:\/\/todoapulmon-rafaela.com\/index.php\/wp-json\/wp\/v2\/posts"}],"about":[{"href":"https:\/\/todoapulmon-rafaela.com\/index.php\/wp-json\/wp\/v2\/types\/post"}],"author":[{"embeddable":true,"href":"https:\/\/todoapulmon-rafaela.com\/index.php\/wp-json\/wp\/v2\/users\/2"}],"replies":[{"embeddable":true,"href":"https:\/\/todoapulmon-rafaela.com\/index.php\/wp-json\/wp\/v2\/comments?post=23232"}],"version-history":[{"count":1,"href":"https:\/\/todoapulmon-rafaela.com\/index.php\/wp-json\/wp\/v2\/posts\/23232\/revisions"}],"predecessor-version":[{"id":23235,"href":"https:\/\/todoapulmon-rafaela.com\/index.php\/wp-json\/wp\/v2\/posts\/23232\/revisions\/23235"}],"wp:featuredmedia":[{"embeddable":true,"href":"https:\/\/todoapulmon-rafaela.com\/index.php\/wp-json\/wp\/v2\/media\/23233"}],"wp:attachment":[{"href":"https:\/\/todoapulmon-rafaela.com\/index.php\/wp-json\/wp\/v2\/media?parent=23232"}],"wp:term":[{"taxonomy":"category","embeddable":true,"href":"https:\/\/todoapulmon-rafaela.com\/index.php\/wp-json\/wp\/v2\/categories?post=23232"},{"taxonomy":"post_tag","embeddable":true,"href":"https:\/\/todoapulmon-rafaela.com\/index.php\/wp-json\/wp\/v2\/tags?post=23232"}],"curies":[{"name":"wp","href":"https:\/\/api.w.org\/{rel}","templated":true}]}}