{"id":23229,"date":"2020-11-26T19:35:59","date_gmt":"2020-11-26T19:35:59","guid":{"rendered":"https:\/\/todoapulmon-rafaela.com\/?p=23229"},"modified":"2020-11-26T19:35:59","modified_gmt":"2020-11-26T19:35:59","slug":"los-preparativos-para-el-100o-nacional-de-mayores","status":"publish","type":"post","link":"https:\/\/todoapulmon-rafaela.com\/index.php\/2020\/11\/26\/los-preparativos-para-el-100o-nacional-de-mayores\/","title":{"rendered":"Los preparativos para el 100\u00ba Nacional de Mayores"},"content":{"rendered":"<p>Las autoridades de la provincia de Santa Fe, recibieron con inter\u00e9s las gestiones de la Confederaci\u00f3n Argentina de Atletismo para concretar en este territorio provincial, para los d\u00edas 18, 19 y 20 de diciembre, el 100\u00b0 CAMPEONATO NACIONAL DE MAYORES DE ATLETISMO.<\/p>\n<p>La Secretaria de Desarrollo Deportivo de la Provincia de Santa Fe, Claudia Giaccone mantuvo una prolongada reuni\u00f3n con \u00e9l Presidente y el Secretario de la Federaci\u00f3n Santafesina de Atletismo y asegur\u00f3 que se realizar\u00e1n todas las gestiones que permitan concretar esta tan importante edici\u00f3n del Campeonato Nacional de Mayores, teniendo en cuenta todas las consideraciones por la situaci\u00f3n reinante, siendo de inter\u00e9s recibir la competencia en la provincia y respetando todas las medidas correspondiente en materia de sanidad.<\/p>\n<p>La CADA inform\u00f3 este jueves que \u00abviene realizando las correspondientes gestiones ante las autoridades nacionales, habiendo interiorizado a la Secretaria de Deportes para lograr todas las autorizaciones correspondientes.<\/p>\n<p>En raz\u00f3n de los cuidados necesarios derivados de la situaci\u00f3n de la pandemia de COVID 19, esta competencia ser\u00e1 de participaci\u00f3n limitada en el n\u00famero de atletas, n\u00famero de jueces, n\u00famero de entrenadores y n\u00famero de periodistas. Estar\u00e1 totalmente vedado el ingreso de p\u00fablico.<\/p>\n<p>La participaci\u00f3n de los atletas ser\u00e1 por invitaci\u00f3n, estableci\u00e9ndose un n\u00famero cupo m\u00e1ximo por cada prueba, siendo diferenciado cada una de ellas, se utilizar\u00e1 el ranking nacional con fechas del 1-1-2019 al 6-12-2020 y un sistema de marcas referenciales. Aquellas federaciones que no tengan ning\u00fan atleta nominado podr\u00e1n inscribir hasta un atleta mujer y un var\u00f3n, como cupo universal.<\/p>\n<p>La disminuci\u00f3n de los participantes asegurara, las condiciones de distanciamiento necesarias.<\/p>\n<p>En raz\u00f3n de las caracter\u00edsticas especiales de este campeonato, no se registrar\u00e1 el sistema de puntuaci\u00f3n por equipo que se utiliza para la medici\u00f3n del potencial deportivo anual, debido al n\u00famero limitado de participantes.<\/p>\n<p>Las inscripciones de atletas y oficiales cerrar\u00edan indefectiblemente el d\u00eda 11 de diciembre a las 24 hs, para poder cumplimentar todos los recaudos derivados de esta edici\u00f3n especial\u00bb.<\/p>\n<p>&nbsp;<\/p>\n","protected":false},"excerpt":{"rendered":"<p>Las autoridades de la provincia de Santa Fe, recibieron con inter\u00e9s las gestiones de la Confederaci\u00f3n Argentina de Atletismo para<\/p>\n","protected":false},"author":2,"featured_media":23230,"comment_status":"open","ping_status":"open","sticky":false,"template":"","format":"standard","meta":{"footnotes":""},"categories":[7,24],"tags":[],"class_list":["post-23229","post","type-post","status-publish","format-standard","has-post-thumbnail","hentry","category-atletismo","category-noticias-destacadas"],"cc_featured_image_caption":{"caption_text":"Germ\u00e1n Chiaraviglio, uno de los atletas santafesinos que aspiran a estar en los Juegos Ol\u00edmpicos de Tokio.","source_text":"","source_url":""},"_links":{"self":[{"href":"https:\/\/todoapulmon-rafaela.com\/index.php\/wp-json\/wp\/v2\/posts\/23229"}],"collection":[{"href":"https:\/\/todoapulmon-rafaela.com\/index.php\/wp-json\/wp\/v2\/posts"}],"about":[{"href":"https:\/\/todoapulmon-rafaela.com\/index.php\/wp-json\/wp\/v2\/types\/post"}],"author":[{"embeddable":true,"href":"https:\/\/todoapulmon-rafaela.com\/index.php\/wp-json\/wp\/v2\/users\/2"}],"replies":[{"embeddable":true,"href":"https:\/\/todoapulmon-rafaela.com\/index.php\/wp-json\/wp\/v2\/comments?post=23229"}],"version-history":[{"count":1,"href":"https:\/\/todoapulmon-rafaela.com\/index.php\/wp-json\/wp\/v2\/posts\/23229\/revisions"}],"predecessor-version":[{"id":23231,"href":"https:\/\/todoapulmon-rafaela.com\/index.php\/wp-json\/wp\/v2\/posts\/23229\/revisions\/23231"}],"wp:featuredmedia":[{"embeddable":true,"href":"https:\/\/todoapulmon-rafaela.com\/index.php\/wp-json\/wp\/v2\/media\/23230"}],"wp:attachment":[{"href":"https:\/\/todoapulmon-rafaela.com\/index.php\/wp-json\/wp\/v2\/media?parent=23229"}],"wp:term":[{"taxonomy":"category","embeddable":true,"href":"https:\/\/todoapulmon-rafaela.com\/index.php\/wp-json\/wp\/v2\/categories?post=23229"},{"taxonomy":"post_tag","embeddable":true,"href":"https:\/\/todoapulmon-rafaela.com\/index.php\/wp-json\/wp\/v2\/tags?post=23229"}],"curies":[{"name":"wp","href":"https:\/\/api.w.org\/{rel}","templated":true}]}}