{"id":23191,"date":"2020-11-22T12:55:19","date_gmt":"2020-11-22T12:55:19","guid":{"rendered":"https:\/\/todoapulmon-rafaela.com\/?p=23191"},"modified":"2020-11-22T12:55:19","modified_gmt":"2020-11-22T12:55:19","slug":"solo-el-nacional-de-mayores-y-con-atletas-invitados-segun-la-cada","status":"publish","type":"post","link":"https:\/\/todoapulmon-rafaela.com\/index.php\/2020\/11\/22\/solo-el-nacional-de-mayores-y-con-atletas-invitados-segun-la-cada\/","title":{"rendered":"S\u00f3lo el Nacional de Mayores y con atletas invitados, seg\u00fan la CADA"},"content":{"rendered":"<p>En el d\u00eda de ayer la Federaci\u00f3n Entrerriana de Atletismo y el Municipio de Concepci\u00f3n del Uruguay, comunicaron a la CADA la imposibilidad de la realizaci\u00f3n de la 100 \u00b0 Edici\u00f3n del Campeonato Nacional de Mayores. En consecuencia el mismo se concretar\u00eda en la ciudad de Rosario para la fecha prevista del 18 al 20 de diciembre, en la pista del estadio municipal.<\/p>\n<p>Esto fue publicado anoche por la entidad madre del atletismo argentino, quien a la vez afirm\u00f3 que este a\u00f1o solamente se disputar\u00e1 el Nacional de Mayores y con caracter\u00edsticas especiales por la pandemia.<\/p>\n<p>\u00abEn estos momentos se encuentran en gesti\u00f3n las respectivas autorizaciones de orden municipal, provincial y nacional en raz\u00f3n de las restricciones sanitarias. En este orden el n\u00famero de atletas, entrenadores y jueces ser\u00e1 reducido y no ser\u00e1 posible la presencia de p\u00fablico. Se analiza la posibilidad de realizar el televisado del mismo\u00bb, mencion\u00f3 en uno de los p\u00e1rrafos.<\/p>\n<p>Asimismo, estipul\u00f3 que \u00abDe acuerdo a lo dispuesto por la CADA esta edici\u00f3n del Campeonato Nacional en raz\u00f3n de las limitaciones impuestas por la Pandemia de COVID 19, tendr\u00e1 car\u00e1cter especial ya que ser\u00e1 el \u00fanico de los campeonatos previstos para el 2020, con la excepci\u00f3n del nacional de 10.000 metros que tuvo lugar antes de la pandemia. Que se tratar\u00e1 de concretar b\u00e1sicamente para poder atender a las necesidades de los atletas con posibilidades ol\u00edmpicas, ya que el mismo podr\u00eda aportar importantes puntos para algunos atletas por el ranking mundial de World Atletics, que es uno de los determinantes para clasificar para los JJOO de Tokio.<\/p>\n<p>\u00abEsta edici\u00f3n se diferenciara de los campeonatos nacionales tradicionales, ya que solamente podr\u00e1n participar los atletas invitados, que depender\u00e1n de cupos para cada prueba, los que se fijar\u00e1n para disminuir las cantidades de deportistas en forma simult\u00e1nea en la pista. Se utilizar\u00eda el sistema de ranking nacional desde el 1 de enero de 2019 al 6 de diciembre de 2020 y marcas referenciales\u00bb.<\/p>\n<p>Por otra parte, junto a la\u00a0Federaci\u00f3n Santafesina de Atletismo y la Asociaci\u00f3n Rosarina, con autoridades sanitarias, se trabaja en un esquema sobre tres d\u00edas de competencia.<\/p>\n<p>&nbsp;<\/p>\n<p>&nbsp;<\/p>\n","protected":false},"excerpt":{"rendered":"<p>En el d\u00eda de ayer la Federaci\u00f3n Entrerriana de Atletismo y el Municipio de Concepci\u00f3n del Uruguay, comunicaron a la<\/p>\n","protected":false},"author":2,"featured_media":23192,"comment_status":"open","ping_status":"open","sticky":false,"template":"","format":"standard","meta":{"footnotes":""},"categories":[7,24],"tags":[],"class_list":["post-23191","post","type-post","status-publish","format-standard","has-post-thumbnail","hentry","category-atletismo","category-noticias-destacadas"],"cc_featured_image_caption":{"caption_text":"La pista de Rosario, elegida para realizar el \u00fanico Nacional.","source_text":"","source_url":""},"_links":{"self":[{"href":"https:\/\/todoapulmon-rafaela.com\/index.php\/wp-json\/wp\/v2\/posts\/23191"}],"collection":[{"href":"https:\/\/todoapulmon-rafaela.com\/index.php\/wp-json\/wp\/v2\/posts"}],"about":[{"href":"https:\/\/todoapulmon-rafaela.com\/index.php\/wp-json\/wp\/v2\/types\/post"}],"author":[{"embeddable":true,"href":"https:\/\/todoapulmon-rafaela.com\/index.php\/wp-json\/wp\/v2\/users\/2"}],"replies":[{"embeddable":true,"href":"https:\/\/todoapulmon-rafaela.com\/index.php\/wp-json\/wp\/v2\/comments?post=23191"}],"version-history":[{"count":1,"href":"https:\/\/todoapulmon-rafaela.com\/index.php\/wp-json\/wp\/v2\/posts\/23191\/revisions"}],"predecessor-version":[{"id":23193,"href":"https:\/\/todoapulmon-rafaela.com\/index.php\/wp-json\/wp\/v2\/posts\/23191\/revisions\/23193"}],"wp:featuredmedia":[{"embeddable":true,"href":"https:\/\/todoapulmon-rafaela.com\/index.php\/wp-json\/wp\/v2\/media\/23192"}],"wp:attachment":[{"href":"https:\/\/todoapulmon-rafaela.com\/index.php\/wp-json\/wp\/v2\/media?parent=23191"}],"wp:term":[{"taxonomy":"category","embeddable":true,"href":"https:\/\/todoapulmon-rafaela.com\/index.php\/wp-json\/wp\/v2\/categories?post=23191"},{"taxonomy":"post_tag","embeddable":true,"href":"https:\/\/todoapulmon-rafaela.com\/index.php\/wp-json\/wp\/v2\/tags?post=23191"}],"curies":[{"name":"wp","href":"https:\/\/api.w.org\/{rel}","templated":true}]}}