{"id":23160,"date":"2020-11-19T22:03:07","date_gmt":"2020-11-19T22:03:07","guid":{"rendered":"https:\/\/todoapulmon-rafaela.com\/?p=23160"},"modified":"2020-11-19T22:03:07","modified_gmt":"2020-11-19T22:03:07","slug":"primera-lista-de-piccato-sin-acuna","status":"publish","type":"post","link":"https:\/\/todoapulmon-rafaela.com\/index.php\/2020\/11\/19\/primera-lista-de-piccato-sin-acuna\/","title":{"rendered":"Primera lista de Piccato sin Acu\u00f1a"},"content":{"rendered":"<p>La selecci\u00f3n Argentina tendr\u00e1 en menos de diez d\u00edas una doble fecha de eliminatorias para la Americup de 2022. El 27, enfrentar\u00e1 a Chile a las 21:10 y al d\u00eda siguiente se ver\u00e1 las caras con Colombia, a partir de las 22:10. Ambos encuentros se jugar\u00e1n en el estadio de Obras Sanitarias.<br \/>\nEste jueves, el nuevo director t\u00e9cnico Gabriel Picatto, anunci\u00f3 la lista de convocados sin el rafaelino Roberto Acu\u00f1a, que viene de jugar los \u00faltimos meses en M\u00e9xico con Soles de Mexicali y ya qued\u00f3 liberado. Todos los convocados son de equipos de la Liga Nacional y en su mayor\u00eda muy j\u00f3venes.<br \/>\nLos elegidos son: Jos\u00e9 Vildoza (San Lorenzo), Franco Baralle (Quimsa), Fernando Zurbriggen (Obras), Marco Giordano (Regatas), Juan De La Fuente (Ol\u00edmpico), Leonel Schattmann (Boca), M\u00e1ximo Fjellerup (San Lorenzo), Mart\u00edn Cuello (Instituto), Leonardo Lema (Atenas), Bautista Lugarini (Bah\u00eda Basket), Federico Aguerre (Boca), Agust\u00edn Caffaro (San Lorenzo), Javier Saiz (San Mart\u00edn), Tayavek Gallizi (Regatas) y Lautaro Berra (Obras).<br \/>\nEn las primeras dos fechas de eliminatorias, Argentina perdi\u00f3 de local contra Venezuela por 74-68, pero se repuso de visitante y le gan\u00f3 73-72.<\/p>\n","protected":false},"excerpt":{"rendered":"<p>La selecci\u00f3n Argentina tendr\u00e1 en menos de diez d\u00edas una doble fecha de eliminatorias para la Americup de 2022. El<\/p>\n","protected":false},"author":2,"featured_media":23161,"comment_status":"open","ping_status":"open","sticky":false,"template":"","format":"standard","meta":{"footnotes":""},"categories":[5,24],"tags":[],"class_list":["post-23160","post","type-post","status-publish","format-standard","has-post-thumbnail","hentry","category-basquet","category-noticias-destacadas"],"cc_featured_image_caption":{"caption_text":"Agust\u00edn Caffaro, uno de los internos convocados.","source_text":"","source_url":""},"_links":{"self":[{"href":"https:\/\/todoapulmon-rafaela.com\/index.php\/wp-json\/wp\/v2\/posts\/23160"}],"collection":[{"href":"https:\/\/todoapulmon-rafaela.com\/index.php\/wp-json\/wp\/v2\/posts"}],"about":[{"href":"https:\/\/todoapulmon-rafaela.com\/index.php\/wp-json\/wp\/v2\/types\/post"}],"author":[{"embeddable":true,"href":"https:\/\/todoapulmon-rafaela.com\/index.php\/wp-json\/wp\/v2\/users\/2"}],"replies":[{"embeddable":true,"href":"https:\/\/todoapulmon-rafaela.com\/index.php\/wp-json\/wp\/v2\/comments?post=23160"}],"version-history":[{"count":1,"href":"https:\/\/todoapulmon-rafaela.com\/index.php\/wp-json\/wp\/v2\/posts\/23160\/revisions"}],"predecessor-version":[{"id":23162,"href":"https:\/\/todoapulmon-rafaela.com\/index.php\/wp-json\/wp\/v2\/posts\/23160\/revisions\/23162"}],"wp:featuredmedia":[{"embeddable":true,"href":"https:\/\/todoapulmon-rafaela.com\/index.php\/wp-json\/wp\/v2\/media\/23161"}],"wp:attachment":[{"href":"https:\/\/todoapulmon-rafaela.com\/index.php\/wp-json\/wp\/v2\/media?parent=23160"}],"wp:term":[{"taxonomy":"category","embeddable":true,"href":"https:\/\/todoapulmon-rafaela.com\/index.php\/wp-json\/wp\/v2\/categories?post=23160"},{"taxonomy":"post_tag","embeddable":true,"href":"https:\/\/todoapulmon-rafaela.com\/index.php\/wp-json\/wp\/v2\/tags?post=23160"}],"curies":[{"name":"wp","href":"https:\/\/api.w.org\/{rel}","templated":true}]}}