{"id":23141,"date":"2020-11-18T12:10:20","date_gmt":"2020-11-18T12:10:20","guid":{"rendered":"https:\/\/todoapulmon-rafaela.com\/?p=23141"},"modified":"2020-11-18T12:10:20","modified_gmt":"2020-11-18T12:10:20","slug":"los-atletas-no-estaran-obligados-a-colocarse-la-vacuna-contra-el-coronavirus-en-los-juegos-olimpicos","status":"publish","type":"post","link":"https:\/\/todoapulmon-rafaela.com\/index.php\/2020\/11\/18\/los-atletas-no-estaran-obligados-a-colocarse-la-vacuna-contra-el-coronavirus-en-los-juegos-olimpicos\/","title":{"rendered":"Los atletas no estar\u00e1n obligados a colocarse la vacuna contra el coronavirus en los Juegos Ol\u00edmpicos"},"content":{"rendered":"<p>Los atletas que participen en los Juegos Ol\u00edmpicos que se celebrar\u00e1n el a\u00f1o pr\u00f3ximo en Tokio no estar\u00e1n obligados a vacunarse para prevenir el coronavirus, pero s\u00ed ser\u00e1n \u00abinvitados\u00bb a hacerlo, inform\u00f3 el Comit\u00e9 Ol\u00edmpico Internacional (COI).<br \/>\nEl presidente de la entidad, el alem\u00e1n Thomas Bach, hizo esta aclaraci\u00f3n este martes durante una visita a Jap\u00f3n y destac\u00f3 que los deportistas, entrenadores y quienes participen de la cita ser\u00e1n \u00abinvitados\u00bb a vacunarse en \u00abse\u00f1al de respeto\u00bb hacia sus colegas y hacia la poblaci\u00f3n anfitriona.<br \/>\nBach viaj\u00f3 a Tokio para intentar convencer a los organizadores y a los patrocinadores de la justa para que los Juegos se desarrollen con p\u00fablico en los estadios a pesar del actual incremento de los contagios en ese y en otros pa\u00edses.<br \/>\nDurante su visita a la Villa Ol\u00edmpica, el dirigente alem\u00e1n reiter\u00f3 el compromiso del COI para que Tokio 2020 sean seguros y le garantiz\u00f3 al Comit\u00e9 Organizador que ser\u00e1n adoptadas todas las \u00abprecauciones necesarias para que los atletas puedan relajarse\u00bb.<br \/>\nLas autoridades est\u00e1n evaluando una amplia gama de medidas para combatir al virus y permitir que los Juegos, suspendidos este a\u00f1o debido a la pandemia, se desarrollen normalmente en julio a\u00fan si para entonces a\u00fan no existe una vacuna.<br \/>\nDe haberla, el COI se comprometi\u00f3 a que sea accesible para todos los atletas, entrenadores y funcionarios de cada naci\u00f3n antes de ponerse en marcha la cita, cuya ceremonia inaugural est\u00e1 prevista para el 23 de julio y la de clausura para el 8 de agosto.<\/p>\n","protected":false},"excerpt":{"rendered":"<p>Los atletas que participen en los Juegos Ol\u00edmpicos que se celebrar\u00e1n el a\u00f1o pr\u00f3ximo en Tokio no estar\u00e1n obligados a<\/p>\n","protected":false},"author":2,"featured_media":23142,"comment_status":"open","ping_status":"open","sticky":false,"template":"","format":"standard","meta":{"footnotes":""},"categories":[1],"tags":[],"class_list":["post-23141","post","type-post","status-publish","format-standard","has-post-thumbnail","hentry","category-sin-categoria"],"cc_featured_image_caption":{"caption_text":"","source_text":"","source_url":""},"_links":{"self":[{"href":"https:\/\/todoapulmon-rafaela.com\/index.php\/wp-json\/wp\/v2\/posts\/23141"}],"collection":[{"href":"https:\/\/todoapulmon-rafaela.com\/index.php\/wp-json\/wp\/v2\/posts"}],"about":[{"href":"https:\/\/todoapulmon-rafaela.com\/index.php\/wp-json\/wp\/v2\/types\/post"}],"author":[{"embeddable":true,"href":"https:\/\/todoapulmon-rafaela.com\/index.php\/wp-json\/wp\/v2\/users\/2"}],"replies":[{"embeddable":true,"href":"https:\/\/todoapulmon-rafaela.com\/index.php\/wp-json\/wp\/v2\/comments?post=23141"}],"version-history":[{"count":1,"href":"https:\/\/todoapulmon-rafaela.com\/index.php\/wp-json\/wp\/v2\/posts\/23141\/revisions"}],"predecessor-version":[{"id":23143,"href":"https:\/\/todoapulmon-rafaela.com\/index.php\/wp-json\/wp\/v2\/posts\/23141\/revisions\/23143"}],"wp:featuredmedia":[{"embeddable":true,"href":"https:\/\/todoapulmon-rafaela.com\/index.php\/wp-json\/wp\/v2\/media\/23142"}],"wp:attachment":[{"href":"https:\/\/todoapulmon-rafaela.com\/index.php\/wp-json\/wp\/v2\/media?parent=23141"}],"wp:term":[{"taxonomy":"category","embeddable":true,"href":"https:\/\/todoapulmon-rafaela.com\/index.php\/wp-json\/wp\/v2\/categories?post=23141"},{"taxonomy":"post_tag","embeddable":true,"href":"https:\/\/todoapulmon-rafaela.com\/index.php\/wp-json\/wp\/v2\/tags?post=23141"}],"curies":[{"name":"wp","href":"https:\/\/api.w.org\/{rel}","templated":true}]}}