{"id":22841,"date":"2020-10-28T13:33:37","date_gmt":"2020-10-28T13:33:37","guid":{"rendered":"https:\/\/todoapulmon-rafaela.com\/?p=22841"},"modified":"2020-10-28T13:33:37","modified_gmt":"2020-10-28T13:33:37","slug":"una-clase-virtual-no-puede-reemplazar-a-una-presencial","status":"publish","type":"post","link":"https:\/\/todoapulmon-rafaela.com\/index.php\/2020\/10\/28\/una-clase-virtual-no-puede-reemplazar-a-una-presencial\/","title":{"rendered":"\u201cUna clase virtual no puede reemplazar a una presencial\u201d"},"content":{"rendered":"<p>V\u00edctor Ingaramo expres\u00f3 su an\u00e1lisis de las clases virtuales en cuanto a la gimnasia.<\/p>\n<p>Mucho se ha debatido durante la pandemia en cuanto a las clases virtuales. Sin dudas ha sido una herramienta importante porque no hab\u00eda otra manera de mantener un contacto fluido entre los entrenadores y los deportistas, en cuanto a sostener un entrenamiento.<\/p>\n<p>Sin embargo, han sido notorias las coincidencias en que lejos est\u00e1 de equiparar los beneficios del entrenamiento normal y presencial. Para tener, en este caso refiri\u00e9ndonos a la gimnasia art\u00edstica, una visi\u00f3n dialogamos con V\u00edctor Ingaramo, entrenador de CREAR Club, para contarnos sobre esta particular forma de continuar el trabajo con los equipos de competencia e iniciaci\u00f3n.<\/p>\n<p><strong>&#8211; V\u00edctor, \u00bfCu\u00e1l es tu evaluaci\u00f3n sobre la utilidad de las clases virtuales? \u00bfEn cu\u00e1nto pueden reemplazar a atenuar una clase presencial en la ense\u00f1anza?<\/strong><\/p>\n<p>&#8211; Las clases virtuales fueron la \u00fanica herramienta que nos permiti\u00f3 seguir teniendo contacto y trabajar con las gimnastas hasta el d\u00eda de hoy. Creo que una clase virtual no puede remplazar a una clase presencial, las gimnastas necesitan correcciones y ajustes todo el tiempo, y estando detr\u00e1s de una pantalla eso se dificulta mucho, pasa por la comprensi\u00f3n de la nena en lo que uno quiere realmente que ajuste o corrija.<\/p>\n<p><strong>&#8211; Ah\u00ed en el gimnasio, \u00bftodas las gimnastas pudieron trabajar bien de esa manera?. \u00bfA partir de qu\u00e9 edad tuvieron clases las mas chicas?<\/strong><\/p>\n<p>&#8211; Lo que son las gimnastas que forman el equipo de competencia si, nos\u00e9 si la palabra es bien, pero fue la \u00fanica manera que ten\u00edamos de trabajar, asi que nos tuvimos que adaptar a eso.<\/p>\n<p>En el caso de las nenas que compiten, la m\u00e1s chica tiene 11 a\u00f1os y todav\u00eda sigue trabajando desde la casa por cuestiones de protocolo. En el caso de las de iniciaci\u00f3n hay nenas desde los 4 a\u00f1os de edad trabajando!<\/p>\n<p><strong>&#8211; \u00bfPara vos como profesor tambi\u00e9n fue complicado, al comienzo sobre todo, o alguna vez ya hab\u00edas tenido que hacer algo parecido con cursos o capacitaciones?<\/strong><\/p>\n<p>&#8211; Para mi y creo que para todos fue un poco complicado al principio. Mucha incertidumbre sobre c\u00f3mo y qu\u00e9 trabajar desde casa, en un espacio reducido, sin materiales m\u00e1s que una colchoneta.\u00a0 Otro factor era el tiempo, nunca nos imaginamos que iba a durar tanto. Pero con el paso del tiempo fui aprendendiendo a trabajar de esta manera y a tratar de desglosar los ejercicios que hac\u00edamos en los aparatos para hacerlos de alguna u otra manera en la casa.<\/p>\n<p>Nunca hab\u00eda tenido cursos o capacitaciones de manera virtual. Este creo que es un punto positivo de la pandemia, que espero que haya llegado para quedarse. Gracias a esta forma de contacto pudimos realizar charlas, cursos y capacitaciones con gente de todo el mundo, cosa que antes ten\u00edas que viajar para realizarlas.<\/p>\n<p><img loading=\"lazy\" decoding=\"async\" class=\"alignnone size-medium wp-image-22843\" src=\"https:\/\/todoapulmon-rafaela.com\/wp-content\/uploads\/2020\/10\/P1390542-208x300.jpg\" alt=\"P1390542\" width=\"208\" height=\"300\" srcset=\"https:\/\/todoapulmon-rafaela.com\/wp-content\/uploads\/2020\/10\/P1390542-208x300.jpg 208w, https:\/\/todoapulmon-rafaela.com\/wp-content\/uploads\/2020\/10\/P1390542-1040x1500.jpg 1040w\" sizes=\"(max-width: 208px) 100vw, 208px\" \/><\/p>\n<p><strong>&#8211; \u00bfLa duraci\u00f3n de las clases fue siempre la misma desde que comenz\u00f3 la pandemia? Adem\u00e1s del torneo virtual que hizo la Federaci\u00f3n la vez pasada, puede haber algo m\u00e1s este a\u00f1o?<\/strong><\/p>\n<p>&#8211; Al principio las clases duraban dos horas, 3 veces por semana , pero porque no sab\u00edamos el tiempo que \u00edbamos a estar encerrados, pens\u00e9 que era pasajero esto. Pero despu\u00e9s de un par de semanas las clases ya se extend\u00edan a 3 horas, 3 horas y media, y las m\u00e1s avanzadas entrenan 5 veces a la semana!<\/p>\n<p>Si, la Federaci\u00f3n Santafecina ya lanz\u00f3 3 nuevos torneos para los niveles C y dos torneos por aparatos para los niveles B para lo que queda del a\u00f1o .<\/p>\n<p><strong>&#8211; Dado lo largo que se hizo todo esto, \u00bfnotaste desmotivaci\u00f3n en las mas chicas que no pudieron volver de manera presencial?, o cre\u00edas que pod\u00eda ser mayor el fastidio.<\/strong><\/p>\n<p>&#8211; De las 10 nenas que tenemos actualmente en competencia, solo una sigue desde casa, las otras ya pudieron volver a entrenar al gimnasio!!! La verdad que las chicas siempre respondieron muy bien, se bancaron el entrenamiento desde casa!!<\/p>\n<p>No es lo ideal pero es algo que a ellas les gusta y lo hac\u00edan sin problemas! Es incre\u00edble el caso de Emi Acosta que sigue desde su casa y siempre con las mismas energ\u00edas, creo que el que se fastidia soy yo que no puedo tenerla entrenando en el gimnasio je!<\/p>\n<p>NOTA: Este texto fue publicado originalmente en la edici\u00f3n impresa del n\u00famero 89 de Revista Todo a Pulm\u00f3n, correspondiente a octubre de 2020.<\/p>\n","protected":false},"excerpt":{"rendered":"<p>V\u00edctor Ingaramo expres\u00f3 su an\u00e1lisis de las clases virtuales en cuanto a la gimnasia. Mucho se ha debatido durante la<\/p>\n","protected":false},"author":2,"featured_media":22842,"comment_status":"open","ping_status":"open","sticky":false,"template":"","format":"standard","meta":{"footnotes":""},"categories":[24],"tags":[],"class_list":["post-22841","post","type-post","status-publish","format-standard","has-post-thumbnail","hentry","category-noticias-destacadas"],"cc_featured_image_caption":{"caption_text":"","source_text":"","source_url":""},"_links":{"self":[{"href":"https:\/\/todoapulmon-rafaela.com\/index.php\/wp-json\/wp\/v2\/posts\/22841"}],"collection":[{"href":"https:\/\/todoapulmon-rafaela.com\/index.php\/wp-json\/wp\/v2\/posts"}],"about":[{"href":"https:\/\/todoapulmon-rafaela.com\/index.php\/wp-json\/wp\/v2\/types\/post"}],"author":[{"embeddable":true,"href":"https:\/\/todoapulmon-rafaela.com\/index.php\/wp-json\/wp\/v2\/users\/2"}],"replies":[{"embeddable":true,"href":"https:\/\/todoapulmon-rafaela.com\/index.php\/wp-json\/wp\/v2\/comments?post=22841"}],"version-history":[{"count":1,"href":"https:\/\/todoapulmon-rafaela.com\/index.php\/wp-json\/wp\/v2\/posts\/22841\/revisions"}],"predecessor-version":[{"id":22844,"href":"https:\/\/todoapulmon-rafaela.com\/index.php\/wp-json\/wp\/v2\/posts\/22841\/revisions\/22844"}],"wp:featuredmedia":[{"embeddable":true,"href":"https:\/\/todoapulmon-rafaela.com\/index.php\/wp-json\/wp\/v2\/media\/22842"}],"wp:attachment":[{"href":"https:\/\/todoapulmon-rafaela.com\/index.php\/wp-json\/wp\/v2\/media?parent=22841"}],"wp:term":[{"taxonomy":"category","embeddable":true,"href":"https:\/\/todoapulmon-rafaela.com\/index.php\/wp-json\/wp\/v2\/categories?post=22841"},{"taxonomy":"post_tag","embeddable":true,"href":"https:\/\/todoapulmon-rafaela.com\/index.php\/wp-json\/wp\/v2\/tags?post=22841"}],"curies":[{"name":"wp","href":"https:\/\/api.w.org\/{rel}","templated":true}]}}