{"id":22777,"date":"2020-10-23T17:05:46","date_gmt":"2020-10-23T17:05:46","guid":{"rendered":"https:\/\/todoapulmon-rafaela.com\/?p=22777"},"modified":"2020-10-23T17:05:46","modified_gmt":"2020-10-23T17:05:46","slug":"pareto-volvio-a-competir-tras-14-meses-y-obtuvo-la-medalla-de-plata","status":"publish","type":"post","link":"https:\/\/todoapulmon-rafaela.com\/index.php\/2020\/10\/23\/pareto-volvio-a-competir-tras-14-meses-y-obtuvo-la-medalla-de-plata\/","title":{"rendered":"Pareto volvi\u00f3 a competir tras 14 meses y obtuvo la medalla de plata"},"content":{"rendered":"<p>Paula Pareto volvi\u00f3 a competir tras 14 meses y obtuvo la medalla plateada en el Grand Slam de Budapest, Hungr\u00eda, en lo que fue la vuelta oficial del judo en el mundo. La Peque venci\u00f3 en la previa a la espa\u00f1ola Mart\u00ednez Abelenda y a la serbia Andrea Stojadinov, pero no pudo imponerse en la final a Distria Krasniqi, n\u00famero dos del mundo y oriunda de Kosovo.<\/p>\n<p>En marzo \u00faltimo, Pareto estaba en Rusia para disputar el Grand Slam de Ekaterinburgo, pero debi\u00f3 regresar al pa\u00eds sin participar, ya que la Federaci\u00f3n Mundial de Judo (FIJ) cancel\u00f3 todos los eventos de clasificaci\u00f3n para los Juegos Ol\u00edmpicos de Tokio 2020 por la pandemia de coronavirus.<\/p>\n<p>Pareto, m\u00e9dica traumat\u00f3loga y de 34 a\u00f1os, estuvo trabajando en el hospital de San Isidro, se entren\u00f3 en su domicilio, tambi\u00e9n en el Cenard y en la ciudad balnearia de Santa Teresita, donde se le dise\u00f1\u00f3 una \u00abburbuja sanitaria\u00bb.<\/p>\n<p>El \u00faltimo torneo en el que compiti\u00f3 la campeona ol\u00edmpica fue en agosto de 2019 en el marco del Mundial de Tokio, Jap\u00f3n, en el que finaliz\u00f3 s\u00e9ptima. En 2019, adem\u00e1s, gan\u00f3, en marzo, la medalla de oro en el Grand Slam de Ekaterinburgo; obtuvo el Panamericano de Lima, Per\u00fa, en abril; y logr\u00f3 el bronce en el Gran Prix de Montreal, Canad\u00e1, en julio.<\/p>\n<p>&nbsp;<\/p>\n","protected":false},"excerpt":{"rendered":"<p>Paula Pareto volvi\u00f3 a competir tras 14 meses y obtuvo la medalla plateada en el Grand Slam de Budapest, Hungr\u00eda,<\/p>\n","protected":false},"author":2,"featured_media":22778,"comment_status":"open","ping_status":"open","sticky":false,"template":"","format":"standard","meta":{"footnotes":""},"categories":[24],"tags":[],"class_list":["post-22777","post","type-post","status-publish","format-standard","has-post-thumbnail","hentry","category-noticias-destacadas"],"cc_featured_image_caption":{"caption_text":"","source_text":"","source_url":""},"_links":{"self":[{"href":"https:\/\/todoapulmon-rafaela.com\/index.php\/wp-json\/wp\/v2\/posts\/22777"}],"collection":[{"href":"https:\/\/todoapulmon-rafaela.com\/index.php\/wp-json\/wp\/v2\/posts"}],"about":[{"href":"https:\/\/todoapulmon-rafaela.com\/index.php\/wp-json\/wp\/v2\/types\/post"}],"author":[{"embeddable":true,"href":"https:\/\/todoapulmon-rafaela.com\/index.php\/wp-json\/wp\/v2\/users\/2"}],"replies":[{"embeddable":true,"href":"https:\/\/todoapulmon-rafaela.com\/index.php\/wp-json\/wp\/v2\/comments?post=22777"}],"version-history":[{"count":1,"href":"https:\/\/todoapulmon-rafaela.com\/index.php\/wp-json\/wp\/v2\/posts\/22777\/revisions"}],"predecessor-version":[{"id":22779,"href":"https:\/\/todoapulmon-rafaela.com\/index.php\/wp-json\/wp\/v2\/posts\/22777\/revisions\/22779"}],"wp:featuredmedia":[{"embeddable":true,"href":"https:\/\/todoapulmon-rafaela.com\/index.php\/wp-json\/wp\/v2\/media\/22778"}],"wp:attachment":[{"href":"https:\/\/todoapulmon-rafaela.com\/index.php\/wp-json\/wp\/v2\/media?parent=22777"}],"wp:term":[{"taxonomy":"category","embeddable":true,"href":"https:\/\/todoapulmon-rafaela.com\/index.php\/wp-json\/wp\/v2\/categories?post=22777"},{"taxonomy":"post_tag","embeddable":true,"href":"https:\/\/todoapulmon-rafaela.com\/index.php\/wp-json\/wp\/v2\/tags?post=22777"}],"curies":[{"name":"wp","href":"https:\/\/api.w.org\/{rel}","templated":true}]}}