{"id":22764,"date":"2020-10-22T21:28:00","date_gmt":"2020-10-22T21:28:00","guid":{"rendered":"https:\/\/todoapulmon-rafaela.com\/?p=22764"},"modified":"2020-10-22T21:28:00","modified_gmt":"2020-10-22T21:28:00","slug":"alexis-rodriguez-elegido-para-trabajar-con-el-basquet-adaptado-en-la-asociacion-rafaelina","status":"publish","type":"post","link":"https:\/\/todoapulmon-rafaela.com\/index.php\/2020\/10\/22\/alexis-rodriguez-elegido-para-trabajar-con-el-basquet-adaptado-en-la-asociacion-rafaelina\/","title":{"rendered":"Alexis Rodriguez, elegido para trabajar con el b\u00e1squet adaptado en la Asociaci\u00f3n Rafaelina"},"content":{"rendered":"<p>La Federaci\u00f3n Santafesina de b\u00e1squetbol se aline\u00f3 en el proyecto de b\u00e1squet inclusivo impulsado por la CABB, que tiene como referente a Walter Garrone en el \u00e1mbito nacional.<\/p>\n<p>En ese sentido, fueron designados profesionales que trabajar\u00e1n en las distintas Asociaciones y en la Rafaelina esta nueva propuesta estar\u00e1 a cargo de Alexis Rodriguez.<\/p>\n<p>\u201cMe parece un proyecto sumamente interesante. Cuando Luis Silvano me lo ofreci\u00f3, estuve interioriz\u00e1ndome y tiene un marco de seriedad con el respaldo de la CABB, as\u00ed que no dud\u00e9 en aceptar. Creo que una de las patas dentro del b\u00e1squet que faltaba desarrollar era \u00e9sta y no tengo dudas que se podr\u00e1 trabajar con muchas expectativas\u201d, manifest\u00f3 el jugador de 9 de Julio, pero con una buena experiencia en conducci\u00f3n de categor\u00edas menores.<\/p>\n<p>Rodriguez, entrenador Nivel 2 de ENEBA, trabaj\u00f3 desde los 18 a\u00f1os como Monitor y luego estuvo a cargo de Mini, Premini, y este a\u00f1o -en realidad hasta marzo cuando se interrumpi\u00f3 por la pandemia- estaba abocado a NeneBasquet y Escuelita. Cabe recordar que los menores de 12 a\u00f1os no han vuelto a practicar a los clubes.<\/p>\n<p>Coment\u00f3 sobre la primera etapa a cumplimentar, que \u201cser\u00e1 realizar un relevamiento en instituciones educativas sobre los chicos y chicas con discapacidades, y su posibilidad de acercamiento a nuestro deporte. Seguramente consultaremos con la Municipalidad, que es una fuente fidedigna para tener mayor informaci\u00f3n y luego elevaremos esos datos a los encargados provinciales\u201d.<\/p>\n<p>Alexis destac\u00f3 tambi\u00e9n que \u201cesto implicar\u00e1 para uno la necesidad de capacitarse, ya que se trata de un \u00e1rea donde hay muchas cosas por aprender. Pero creemos que en el mediano y largo plazo el proyecto permitir\u00e1 nutrir a los clubes de varios chicos\u201d.<\/p>\n","protected":false},"excerpt":{"rendered":"<p>La Federaci\u00f3n Santafesina de b\u00e1squetbol se aline\u00f3 en el proyecto de b\u00e1squet inclusivo impulsado por la CABB, que tiene como<\/p>\n","protected":false},"author":2,"featured_media":22765,"comment_status":"open","ping_status":"open","sticky":false,"template":"","format":"standard","meta":{"footnotes":""},"categories":[5,24],"tags":[],"class_list":["post-22764","post","type-post","status-publish","format-standard","has-post-thumbnail","hentry","category-basquet","category-noticias-destacadas"],"cc_featured_image_caption":{"caption_text":"","source_text":"","source_url":""},"_links":{"self":[{"href":"https:\/\/todoapulmon-rafaela.com\/index.php\/wp-json\/wp\/v2\/posts\/22764"}],"collection":[{"href":"https:\/\/todoapulmon-rafaela.com\/index.php\/wp-json\/wp\/v2\/posts"}],"about":[{"href":"https:\/\/todoapulmon-rafaela.com\/index.php\/wp-json\/wp\/v2\/types\/post"}],"author":[{"embeddable":true,"href":"https:\/\/todoapulmon-rafaela.com\/index.php\/wp-json\/wp\/v2\/users\/2"}],"replies":[{"embeddable":true,"href":"https:\/\/todoapulmon-rafaela.com\/index.php\/wp-json\/wp\/v2\/comments?post=22764"}],"version-history":[{"count":1,"href":"https:\/\/todoapulmon-rafaela.com\/index.php\/wp-json\/wp\/v2\/posts\/22764\/revisions"}],"predecessor-version":[{"id":22766,"href":"https:\/\/todoapulmon-rafaela.com\/index.php\/wp-json\/wp\/v2\/posts\/22764\/revisions\/22766"}],"wp:featuredmedia":[{"embeddable":true,"href":"https:\/\/todoapulmon-rafaela.com\/index.php\/wp-json\/wp\/v2\/media\/22765"}],"wp:attachment":[{"href":"https:\/\/todoapulmon-rafaela.com\/index.php\/wp-json\/wp\/v2\/media?parent=22764"}],"wp:term":[{"taxonomy":"category","embeddable":true,"href":"https:\/\/todoapulmon-rafaela.com\/index.php\/wp-json\/wp\/v2\/categories?post=22764"},{"taxonomy":"post_tag","embeddable":true,"href":"https:\/\/todoapulmon-rafaela.com\/index.php\/wp-json\/wp\/v2\/tags?post=22764"}],"curies":[{"name":"wp","href":"https:\/\/api.w.org\/{rel}","templated":true}]}}