{"id":22758,"date":"2020-10-22T13:23:09","date_gmt":"2020-10-22T13:23:09","guid":{"rendered":"https:\/\/todoapulmon-rafaela.com\/?p=22758"},"modified":"2020-10-22T13:25:12","modified_gmt":"2020-10-22T13:25:12","slug":"preparan-un-reclamo-por-las-colonias-de-vacaciones","status":"publish","type":"post","link":"https:\/\/todoapulmon-rafaela.com\/index.php\/2020\/10\/22\/preparan-un-reclamo-por-las-colonias-de-vacaciones\/","title":{"rendered":"Preparan un reclamo por las Colonias de Vacaciones"},"content":{"rendered":"<p>El s\u00e1bado 31 de octubre, a las 18 horas, frente a la plaza 25 de Mayo, se estar\u00e1 desarrollando un reclamo de docentes, guardavidas, transportistas y dem\u00e1s allegados a las Colonias de Vacaciones, pidiendo por la apertura de las mismas.<\/p>\n<p>Como se informara en su momento, ya se ha elaborado un protocolo para que las mismas puedan funcionar con los cuidados necesarios en el marco de la emergencia sanitaria. Ahora la habilitaci\u00f3n depender\u00e1 del gobierno provincial fundamentalmente, y luego municipal.<\/p>\n<p>El lema de la manifestaci\u00f3n ser\u00e1 \u00ab\u00a1S\u00ed a las Colonias!, para todas las edades. Por un verano feliz y seguro. Cuidemos tambi\u00e9n la salud emocional\u00bb.<\/p>\n<p>En la convocatoria a trav\u00e9s de las redes sociales se aclara el uso del barbijo y respetar el distanciamiento social.<\/p>\n<p><img loading=\"lazy\" decoding=\"async\" class=\"alignnone size-medium wp-image-22759\" src=\"https:\/\/todoapulmon-rafaela.com\/wp-content\/uploads\/2020\/10\/Fabi-Montenegro-169x300.jpg\" alt=\"Fabi Montenegro\" width=\"169\" height=\"300\" srcset=\"https:\/\/todoapulmon-rafaela.com\/wp-content\/uploads\/2020\/10\/Fabi-Montenegro-169x300.jpg 169w, https:\/\/todoapulmon-rafaela.com\/wp-content\/uploads\/2020\/10\/Fabi-Montenegro.jpg 720w\" sizes=\"(max-width: 169px) 100vw, 169px\" \/><\/p>\n","protected":false},"excerpt":{"rendered":"<p>El s\u00e1bado 31 de octubre, a las 18 horas, frente a la plaza 25 de Mayo, se estar\u00e1 desarrollando un<\/p>\n","protected":false},"author":2,"featured_media":22759,"comment_status":"open","ping_status":"open","sticky":false,"template":"","format":"standard","meta":{"footnotes":""},"categories":[26,24],"tags":[],"class_list":["post-22758","post","type-post","status-publish","format-standard","has-post-thumbnail","hentry","category-natacion","category-noticias-destacadas"],"cc_featured_image_caption":{"caption_text":"","source_text":"","source_url":""},"_links":{"self":[{"href":"https:\/\/todoapulmon-rafaela.com\/index.php\/wp-json\/wp\/v2\/posts\/22758"}],"collection":[{"href":"https:\/\/todoapulmon-rafaela.com\/index.php\/wp-json\/wp\/v2\/posts"}],"about":[{"href":"https:\/\/todoapulmon-rafaela.com\/index.php\/wp-json\/wp\/v2\/types\/post"}],"author":[{"embeddable":true,"href":"https:\/\/todoapulmon-rafaela.com\/index.php\/wp-json\/wp\/v2\/users\/2"}],"replies":[{"embeddable":true,"href":"https:\/\/todoapulmon-rafaela.com\/index.php\/wp-json\/wp\/v2\/comments?post=22758"}],"version-history":[{"count":4,"href":"https:\/\/todoapulmon-rafaela.com\/index.php\/wp-json\/wp\/v2\/posts\/22758\/revisions"}],"predecessor-version":[{"id":22763,"href":"https:\/\/todoapulmon-rafaela.com\/index.php\/wp-json\/wp\/v2\/posts\/22758\/revisions\/22763"}],"wp:featuredmedia":[{"embeddable":true,"href":"https:\/\/todoapulmon-rafaela.com\/index.php\/wp-json\/wp\/v2\/media\/22759"}],"wp:attachment":[{"href":"https:\/\/todoapulmon-rafaela.com\/index.php\/wp-json\/wp\/v2\/media?parent=22758"}],"wp:term":[{"taxonomy":"category","embeddable":true,"href":"https:\/\/todoapulmon-rafaela.com\/index.php\/wp-json\/wp\/v2\/categories?post=22758"},{"taxonomy":"post_tag","embeddable":true,"href":"https:\/\/todoapulmon-rafaela.com\/index.php\/wp-json\/wp\/v2\/tags?post=22758"}],"curies":[{"name":"wp","href":"https:\/\/api.w.org\/{rel}","templated":true}]}}