{"id":22739,"date":"2020-10-20T01:08:35","date_gmt":"2020-10-20T01:08:35","guid":{"rendered":"https:\/\/todoapulmon-rafaela.com\/?p=22739"},"modified":"2020-10-20T01:10:56","modified_gmt":"2020-10-20T01:10:56","slug":"triste-lunes-fallecio-aldo-romitelli","status":"publish","type":"post","link":"https:\/\/todoapulmon-rafaela.com\/index.php\/2020\/10\/20\/triste-lunes-fallecio-aldo-romitelli\/","title":{"rendered":"Triste lunes, falleci\u00f3 Aldo Romitelli"},"content":{"rendered":"<p>(Por Dar\u00edo Guti\u00e9rrez).- Una dolorosa noticia se conoci\u00f3 en la tarde del lunes. Don Aldo Romitelli dej\u00f3 de existir a los 90 a\u00f1os. Ocurri\u00f3 en estos tiempos donde la pandemia provoca mayor tristeza, donde ni siquiera hay un tiempo m\u00ednimo para despedir de la manera merecida a quienes han dado mucho por la ciudad, en este caso a trav\u00e9s del deporte y de la mec\u00e1nica en particular.<br \/>\nNo se lo llev\u00f3 el Covid y su deceso toma de sorpresa ya que se manten\u00eda con su lucidez y semblante caracter\u00edstico, pese a estos momentos tan duros para todos.<br \/>\nFue un artesano de la mec\u00e1nica y un aficionado del tiro. Tambi\u00e9n podr\u00edamos catalogarlo como un adelantado en cuanto a motores, donde su amistad de toda la vida con Oreste Berta fue un gran orgullo. El Mago de Alta Gracia lo reconoci\u00f3 como uno de sus Maestros.<\/p>\n<p><img loading=\"lazy\" decoding=\"async\" class=\"alignnone size-medium wp-image-22741\" src=\"https:\/\/todoapulmon-rafaela.com\/wp-content\/uploads\/2020\/10\/Aldo-Romitelli-183x300.jpg\" alt=\"Aldo Romitelli\" width=\"183\" height=\"300\" srcset=\"https:\/\/todoapulmon-rafaela.com\/wp-content\/uploads\/2020\/10\/Aldo-Romitelli-183x300.jpg 183w, https:\/\/todoapulmon-rafaela.com\/wp-content\/uploads\/2020\/10\/Aldo-Romitelli-916x1500.jpg 916w, https:\/\/todoapulmon-rafaela.com\/wp-content\/uploads\/2020\/10\/Aldo-Romitelli.jpg 1638w\" sizes=\"(max-width: 183px) 100vw, 183px\" \/><\/p>\n<p>M\u00e1s ac\u00e1 en el tiempo lo tuvimos muy presente e involucrado con el Tiro Federal Argentino de Rafaela, siendo protagonista a nivel aficionado, y acompa\u00f1ando permanentemente a su hijo Claudio, y a su nieto Germ\u00e1n, varias veces campe\u00f3n argentino, Sudamericano, Panamericano y Latinoamericano de Tiro Pr\u00e1ctico.<\/p>\n<p>A modo de an\u00e9cdota, hace unos a\u00f1os acondicion\u00f3 una r\u00e9plica de un ca\u00f1\u00f3n Napole\u00f3nico en las instalaciones del Tiro.<\/p>\n<p>En una de las \u00faltimas im\u00e1genes que nos quedan de Aldo pudimos observarlo leyendo el Mart\u00edn Fierro en italiano. Fue hace pocos d\u00edas en el taller familiar, donde pasaba varias horas acompa\u00f1ando a su hijo Claudio. En ese momento nos hab\u00eda contado que lo hab\u00eda retomado luego de muchos a\u00f1os y quer\u00eda terminar de leerlo. Ojal\u00e1 su deseo se haya cumplido.<\/p>\n<p>Nuestras condolencias a Germ\u00e1n, Claudio y toda la familia Romitelli.<\/p>\n","protected":false},"excerpt":{"rendered":"<p>(Por Dar\u00edo Guti\u00e9rrez).- Una dolorosa noticia se conoci\u00f3 en la tarde del lunes. Don Aldo Romitelli dej\u00f3 de existir a<\/p>\n","protected":false},"author":2,"featured_media":22740,"comment_status":"open","ping_status":"open","sticky":false,"template":"","format":"standard","meta":{"footnotes":""},"categories":[24,19],"tags":[],"class_list":["post-22739","post","type-post","status-publish","format-standard","has-post-thumbnail","hentry","category-noticias-destacadas","category-tiro"],"cc_featured_image_caption":{"caption_text":"Cuando hizo funcionar el Ca\u00f1\u00f3n Napole\u00f3nico en el Tiro Federal, hace algunos a\u00f1os.","source_text":"","source_url":""},"_links":{"self":[{"href":"https:\/\/todoapulmon-rafaela.com\/index.php\/wp-json\/wp\/v2\/posts\/22739"}],"collection":[{"href":"https:\/\/todoapulmon-rafaela.com\/index.php\/wp-json\/wp\/v2\/posts"}],"about":[{"href":"https:\/\/todoapulmon-rafaela.com\/index.php\/wp-json\/wp\/v2\/types\/post"}],"author":[{"embeddable":true,"href":"https:\/\/todoapulmon-rafaela.com\/index.php\/wp-json\/wp\/v2\/users\/2"}],"replies":[{"embeddable":true,"href":"https:\/\/todoapulmon-rafaela.com\/index.php\/wp-json\/wp\/v2\/comments?post=22739"}],"version-history":[{"count":3,"href":"https:\/\/todoapulmon-rafaela.com\/index.php\/wp-json\/wp\/v2\/posts\/22739\/revisions"}],"predecessor-version":[{"id":22744,"href":"https:\/\/todoapulmon-rafaela.com\/index.php\/wp-json\/wp\/v2\/posts\/22739\/revisions\/22744"}],"wp:featuredmedia":[{"embeddable":true,"href":"https:\/\/todoapulmon-rafaela.com\/index.php\/wp-json\/wp\/v2\/media\/22740"}],"wp:attachment":[{"href":"https:\/\/todoapulmon-rafaela.com\/index.php\/wp-json\/wp\/v2\/media?parent=22739"}],"wp:term":[{"taxonomy":"category","embeddable":true,"href":"https:\/\/todoapulmon-rafaela.com\/index.php\/wp-json\/wp\/v2\/categories?post=22739"},{"taxonomy":"post_tag","embeddable":true,"href":"https:\/\/todoapulmon-rafaela.com\/index.php\/wp-json\/wp\/v2\/tags?post=22739"}],"curies":[{"name":"wp","href":"https:\/\/api.w.org\/{rel}","templated":true}]}}