{"id":22710,"date":"2020-10-15T16:58:34","date_gmt":"2020-10-15T16:58:34","guid":{"rendered":"https:\/\/todoapulmon-rafaela.com\/?p=22710"},"modified":"2020-10-15T16:58:34","modified_gmt":"2020-10-15T16:58:34","slug":"los-deportes-que-podrian-ser-autorizados-siguiendo-al-futbol","status":"publish","type":"post","link":"https:\/\/todoapulmon-rafaela.com\/index.php\/2020\/10\/15\/los-deportes-que-podrian-ser-autorizados-siguiendo-al-futbol\/","title":{"rendered":"Los deportes que podr\u00edan ser autorizados siguiendo al f\u00fatbol"},"content":{"rendered":"<p>El ministro de Turismo y Deportes, Mat\u00edas Lammens, asegur\u00f3 este jueves que el Gobierno tiene \u00abla voluntad de ir abriendo para que se jueguen todos los deportes\u00bb en el pa\u00eds, un d\u00eda despu\u00e9s de fijar el 30 de octubre como la fecha de reinicio del f\u00fatbol de Primera Divisi\u00f3n.<br \/>\nEn esa l\u00ednea, el funcionario anticip\u00f3 que \u00abde manera inmediata seguramente vuelva el b\u00e1squetbol, el tenis, que ya est\u00e1n todos los jugadores entrenando, y lo mismo va a pasar con el v\u00f3leibol y el hockey, obviamente con estas condiciones de la nueva normalidad\u00bb.<br \/>\n\u00abTenemos la voluntad de ir abriendo y que se jueguen todos los deportes\u00bb, afirm\u00f3 en di\u00e1logo con Radio Pop.<br \/>\nEl ministro explic\u00f3 que en primera instancia mantuvo una reuni\u00f3n con el jefe de Gabinete, Santiago Cafiero, y el ministro de Salud, Gin\u00e9s Gonz\u00e1lez Garc\u00eda, para \u00abevaluar las alternativas de la vuelta\u00bb y que tras ello comunicaron la decisi\u00f3n a las autoridades del f\u00fatbol, en el c\u00f3nclave mantenido este mi\u00e9rcoles con Casa Rosada.<br \/>\n\u00abLes comunicamos a los dirigentes de la AFA y la Liga Profesional de F\u00fatbol que vuelve la actividad a partir del 30 de octubre y el resto de las categor\u00edas de manera paulatina en noviembre y diciembre\u00bb, continu\u00f3.<br \/>\nLammens asumi\u00f3 que la sociedad \u00ablamentablemente, debe convivir con el virus\u00bb y en ese sentido justific\u00f3 la decisi\u00f3n que, de momento, impide la presencia de hinchas en las canchas.<br \/>\n\u00abLos estadios van a estar sin p\u00fablico, que es una de las cosas que m\u00e1s nos gusta, pero esto es una se\u00f1al y es un gran primer paso\u00bb, concluy\u00f3.<\/p>\n<p>Fuente: Agencias de Noticias.<\/p>\n","protected":false},"excerpt":{"rendered":"<p>El ministro de Turismo y Deportes, Mat\u00edas Lammens, asegur\u00f3 este jueves que el Gobierno tiene \u00abla voluntad de ir abriendo<\/p>\n","protected":false},"author":2,"featured_media":22711,"comment_status":"open","ping_status":"open","sticky":false,"template":"","format":"standard","meta":{"footnotes":""},"categories":[1],"tags":[],"class_list":["post-22710","post","type-post","status-publish","format-standard","has-post-thumbnail","hentry","category-sin-categoria"],"cc_featured_image_caption":{"caption_text":"Mat\u00edas Lammens, Ministro de Turismo y Deportes.","source_text":"","source_url":""},"_links":{"self":[{"href":"https:\/\/todoapulmon-rafaela.com\/index.php\/wp-json\/wp\/v2\/posts\/22710"}],"collection":[{"href":"https:\/\/todoapulmon-rafaela.com\/index.php\/wp-json\/wp\/v2\/posts"}],"about":[{"href":"https:\/\/todoapulmon-rafaela.com\/index.php\/wp-json\/wp\/v2\/types\/post"}],"author":[{"embeddable":true,"href":"https:\/\/todoapulmon-rafaela.com\/index.php\/wp-json\/wp\/v2\/users\/2"}],"replies":[{"embeddable":true,"href":"https:\/\/todoapulmon-rafaela.com\/index.php\/wp-json\/wp\/v2\/comments?post=22710"}],"version-history":[{"count":1,"href":"https:\/\/todoapulmon-rafaela.com\/index.php\/wp-json\/wp\/v2\/posts\/22710\/revisions"}],"predecessor-version":[{"id":22712,"href":"https:\/\/todoapulmon-rafaela.com\/index.php\/wp-json\/wp\/v2\/posts\/22710\/revisions\/22712"}],"wp:featuredmedia":[{"embeddable":true,"href":"https:\/\/todoapulmon-rafaela.com\/index.php\/wp-json\/wp\/v2\/media\/22711"}],"wp:attachment":[{"href":"https:\/\/todoapulmon-rafaela.com\/index.php\/wp-json\/wp\/v2\/media?parent=22710"}],"wp:term":[{"taxonomy":"category","embeddable":true,"href":"https:\/\/todoapulmon-rafaela.com\/index.php\/wp-json\/wp\/v2\/categories?post=22710"},{"taxonomy":"post_tag","embeddable":true,"href":"https:\/\/todoapulmon-rafaela.com\/index.php\/wp-json\/wp\/v2\/tags?post=22710"}],"curies":[{"name":"wp","href":"https:\/\/api.w.org\/{rel}","templated":true}]}}