{"id":22706,"date":"2020-10-15T13:05:59","date_gmt":"2020-10-15T13:05:59","guid":{"rendered":"https:\/\/todoapulmon-rafaela.com\/?p=22706"},"modified":"2020-10-15T13:06:46","modified_gmt":"2020-10-15T13:06:46","slug":"dos-bajas-en-los-pumas-para-el-championship","status":"publish","type":"post","link":"https:\/\/todoapulmon-rafaela.com\/index.php\/2020\/10\/15\/dos-bajas-en-los-pumas-para-el-championship\/","title":{"rendered":"Dos bajas en Los Pumas para el Championship"},"content":{"rendered":"<p>A unas semanas del arranque del Rugby Championship, y mientras sigue la incertidumbre sobre la participaci\u00f3n o no de Sud\u00e1frica, una mala noticia para Los Pumas: tal como inform\u00f3 la Uni\u00f3n Argentina de Rugby este mi\u00e9rcoles, el primera l\u00ednea Enrique Pieretto y el apertura Joaqu\u00edn D\u00edaz Bonilla no podr\u00e1n ser parte de la competencia que se desarrollar\u00e1 en Australia por inconvenientes con la documentaci\u00f3n del Reino Unido.<br \/>\nEn su reemplazo estar\u00e1n Francisco G\u00f3mez Kodela y Lucas Mensa, jugadores del Lyon y Valence de Francia, respectivamente, que viajar\u00e1n a S\u00eddney el pr\u00f3ximo lunes, junto con el resto de los jugadores que se desempe\u00f1an en el rugby europeo.<br \/>\nG\u00f3mez Kodela, pilar formado en Belgrano Athletic, acumula 11 test matches con Los Pumas, entre 2008 y 2013. Por su parte, debut\u00f3 el 17 de agosto de 2019 ante Sud\u00e1frica, en Pretoria. Luego, disput\u00f3 el Mundial de Jap\u00f3n.<br \/>\nEl back surgido en Pucar\u00e1, en tanto, lleva jugados dos partidos con la camiseta del seleccionado argentino: uno ante Sud\u00e1frica y, el otro, ante Inglaterra, correspondiente al Mundial de Jap\u00f3n 2019.<\/p>\n<div style=\"width: 720px;\" class=\"wp-video\"><!--[if lt IE 9]><script>document.createElement('video');<\/script><![endif]-->\n<video class=\"wp-video-shortcode\" id=\"video-22706-1\" width=\"720\" height=\"480\" preload=\"metadata\" controls=\"controls\"><source type=\"video\/mp4\" src=\"https:\/\/todoapulmon-rafaela.com\/wp-content\/uploads\/2020\/09\/REMAX_DESDECASA_15s_NENA_REDES_1.mp4?_=1\" \/><a href=\"https:\/\/todoapulmon-rafaela.com\/wp-content\/uploads\/2020\/09\/REMAX_DESDECASA_15s_NENA_REDES_1.mp4\">https:\/\/todoapulmon-rafaela.com\/wp-content\/uploads\/2020\/09\/REMAX_DESDECASA_15s_NENA_REDES_1.mp4<\/a><\/video><\/div>\n","protected":false},"excerpt":{"rendered":"<p>A unas semanas del arranque del Rugby Championship, y mientras sigue la incertidumbre sobre la participaci\u00f3n o no de Sud\u00e1frica,<\/p>\n","protected":false},"author":2,"featured_media":22707,"comment_status":"open","ping_status":"open","sticky":false,"template":"","format":"standard","meta":{"footnotes":""},"categories":[2],"tags":[],"class_list":["post-22706","post","type-post","status-publish","format-standard","has-post-thumbnail","hentry","category-rugby"],"cc_featured_image_caption":{"caption_text":"D\u00edaz Bonilla se pierde el torneo.","source_text":"","source_url":""},"_links":{"self":[{"href":"https:\/\/todoapulmon-rafaela.com\/index.php\/wp-json\/wp\/v2\/posts\/22706"}],"collection":[{"href":"https:\/\/todoapulmon-rafaela.com\/index.php\/wp-json\/wp\/v2\/posts"}],"about":[{"href":"https:\/\/todoapulmon-rafaela.com\/index.php\/wp-json\/wp\/v2\/types\/post"}],"author":[{"embeddable":true,"href":"https:\/\/todoapulmon-rafaela.com\/index.php\/wp-json\/wp\/v2\/users\/2"}],"replies":[{"embeddable":true,"href":"https:\/\/todoapulmon-rafaela.com\/index.php\/wp-json\/wp\/v2\/comments?post=22706"}],"version-history":[{"count":2,"href":"https:\/\/todoapulmon-rafaela.com\/index.php\/wp-json\/wp\/v2\/posts\/22706\/revisions"}],"predecessor-version":[{"id":22709,"href":"https:\/\/todoapulmon-rafaela.com\/index.php\/wp-json\/wp\/v2\/posts\/22706\/revisions\/22709"}],"wp:featuredmedia":[{"embeddable":true,"href":"https:\/\/todoapulmon-rafaela.com\/index.php\/wp-json\/wp\/v2\/media\/22707"}],"wp:attachment":[{"href":"https:\/\/todoapulmon-rafaela.com\/index.php\/wp-json\/wp\/v2\/media?parent=22706"}],"wp:term":[{"taxonomy":"category","embeddable":true,"href":"https:\/\/todoapulmon-rafaela.com\/index.php\/wp-json\/wp\/v2\/categories?post=22706"},{"taxonomy":"post_tag","embeddable":true,"href":"https:\/\/todoapulmon-rafaela.com\/index.php\/wp-json\/wp\/v2\/tags?post=22706"}],"curies":[{"name":"wp","href":"https:\/\/api.w.org\/{rel}","templated":true}]}}