{"id":22545,"date":"2020-09-26T13:25:28","date_gmt":"2020-09-26T13:25:28","guid":{"rendered":"https:\/\/todoapulmon-rafaela.com\/?p=22545"},"modified":"2020-09-26T13:28:30","modified_gmt":"2020-09-26T13:28:30","slug":"el-joven-austriaco-que-entrena-javier-frana-ingreso-al-cuadro-principal-de-roland-garros","status":"publish","type":"post","link":"https:\/\/todoapulmon-rafaela.com\/index.php\/2020\/09\/26\/el-joven-austriaco-que-entrena-javier-frana-ingreso-al-cuadro-principal-de-roland-garros\/","title":{"rendered":"El joven austr\u00edaco que entrena Javier Frana ingres\u00f3 al cuadro principal de Roland Garros"},"content":{"rendered":"<p><strong>Jurij Rodionov<\/strong>\u00a0no es un tenista muy conocido todav\u00eda. El austr\u00edaco de 21 a\u00f1os alcanz\u00f3 su mejor puesto en la clasificaci\u00f3n ATP individual en el lugar 166 en marzo de 2020, y en dobles, el 268 en 2019. A nivel individual ha logrado tres t\u00edtulos de la categor\u00eda Challenger y un t\u00edtulo en dobles.\u200b\u200b<\/p>\n<p>\u00bfQu\u00e9 tiene de relaci\u00f3n con el tenis argentino? Que desde comienzos de este a\u00f1o es entrenado por <strong>Javier Frana<\/strong>. Luego de su desvinculaci\u00f3n como comentarista de la cadena ESPN, el rafaelino retom\u00f3 su pasi\u00f3n en las canchas, orientando a este joven de apellido de pa\u00edses de Europa del Este, pero que naci\u00f3 en Alemania y posteriormente se fue a Austria.<\/p>\n<p>En esta semana el grupo que tambi\u00e9n integra el padre de Dominic Thiem, Wolfgang, como manager, tuvo la primera satisfacci\u00f3n al conseguir Rodionov por primera vez ingresar al cuadro principal de un Grand Slam, en Roland Garros, torneo que comienza este domingo.<\/p>\n<p>\u00abHay una gran ola de entusiasmo en Austria gracias a Thiem. Quiero hacer mi propio camino, seguir mejorando. Siento que he conseguido algo importante con este logro\u00bb, se\u00f1al\u00f3 en la web oficial del torneo.<\/p>\n<p>El austriaco se medir\u00e1 en primera ronda con el local Jeremy Chardy. Agreg\u00f3 que\u00a0\u201cHice muchos cambios. Ahora trabajo con Wolfgang Thiem, el padre de Dominic, lo que ayuda mucho. Desde febrero tengo un nuevo entrenador, Javier Frana. Desde que hice esos cambios, he ido en la direcci\u00f3n correcta. Todo lo que s\u00e9 es que soy un luchador, amo este deporte y voy a dar lo mejor de m\u00ed para llegar a la cima\u00bb, acot\u00f3 el joven tenista.<\/p>\n<p>Hace unos meses, previo a la pandemia tras ganar un Challenger en Dallas, hab\u00eda expresado:\u00a0\u00abHe conseguido crear mi propio estilo. Javier me ha hecho ver que el tenis no debe ser tan dif\u00edcil como yo me lo planteaba en mi cabeza y que si doy el 100% y tengo buena actitud, los resultados llegar\u00e1n\u00bb.<\/p>\n<p>Frana, adem\u00e1s de felicitarlo en su posteo de Instagram, se mostr\u00f3 tambi\u00e9n feliz en su nuevo rol. \u00abAfortunado de volver a Rolan Garros, pero ahora la oficina la tiene el polvo de ladrillo\u00bb, brome\u00f3 dentro de una de las canchas del complejo parisino.<\/p>\n","protected":false},"excerpt":{"rendered":"<p>Jurij Rodionov\u00a0no es un tenista muy conocido todav\u00eda. El austr\u00edaco de 21 a\u00f1os alcanz\u00f3 su mejor puesto en la clasificaci\u00f3n<\/p>\n","protected":false},"author":2,"featured_media":22546,"comment_status":"open","ping_status":"open","sticky":false,"template":"","format":"standard","meta":{"footnotes":""},"categories":[24,6],"tags":[],"class_list":["post-22545","post","type-post","status-publish","format-standard","has-post-thumbnail","hentry","category-noticias-destacadas","category-tenis"],"cc_featured_image_caption":{"caption_text":"Javier Frana y Jurij Rodionov luego de uno de los t\u00edtulos de Challenger logrados a comienzos de a\u00f1o.","source_text":"","source_url":""},"_links":{"self":[{"href":"https:\/\/todoapulmon-rafaela.com\/index.php\/wp-json\/wp\/v2\/posts\/22545"}],"collection":[{"href":"https:\/\/todoapulmon-rafaela.com\/index.php\/wp-json\/wp\/v2\/posts"}],"about":[{"href":"https:\/\/todoapulmon-rafaela.com\/index.php\/wp-json\/wp\/v2\/types\/post"}],"author":[{"embeddable":true,"href":"https:\/\/todoapulmon-rafaela.com\/index.php\/wp-json\/wp\/v2\/users\/2"}],"replies":[{"embeddable":true,"href":"https:\/\/todoapulmon-rafaela.com\/index.php\/wp-json\/wp\/v2\/comments?post=22545"}],"version-history":[{"count":1,"href":"https:\/\/todoapulmon-rafaela.com\/index.php\/wp-json\/wp\/v2\/posts\/22545\/revisions"}],"predecessor-version":[{"id":22547,"href":"https:\/\/todoapulmon-rafaela.com\/index.php\/wp-json\/wp\/v2\/posts\/22545\/revisions\/22547"}],"wp:featuredmedia":[{"embeddable":true,"href":"https:\/\/todoapulmon-rafaela.com\/index.php\/wp-json\/wp\/v2\/media\/22546"}],"wp:attachment":[{"href":"https:\/\/todoapulmon-rafaela.com\/index.php\/wp-json\/wp\/v2\/media?parent=22545"}],"wp:term":[{"taxonomy":"category","embeddable":true,"href":"https:\/\/todoapulmon-rafaela.com\/index.php\/wp-json\/wp\/v2\/categories?post=22545"},{"taxonomy":"post_tag","embeddable":true,"href":"https:\/\/todoapulmon-rafaela.com\/index.php\/wp-json\/wp\/v2\/tags?post=22545"}],"curies":[{"name":"wp","href":"https:\/\/api.w.org\/{rel}","templated":true}]}}