{"id":22538,"date":"2020-09-25T22:23:18","date_gmt":"2020-09-25T22:23:18","guid":{"rendered":"https:\/\/todoapulmon-rafaela.com\/?p=22538"},"modified":"2020-09-25T22:25:56","modified_gmt":"2020-09-25T22:25:56","slug":"el-camion-del-programa-detectar-este-sabado-estara-frente-al-municipio","status":"publish","type":"post","link":"https:\/\/todoapulmon-rafaela.com\/index.php\/2020\/09\/25\/el-camion-del-programa-detectar-este-sabado-estara-frente-al-municipio\/","title":{"rendered":"El cami\u00f3n del programa DetectAR este s\u00e1bado estar\u00e1 frente al municipio"},"content":{"rendered":"<p>Este s\u00e1bado, en el horario de 9 a 15, frente al edificio municipal, las personas se podr\u00e1n acercar para realizarse el test de coronavirus en el cami\u00f3n del programa DetectAR.<br \/>\nSe atender\u00e1 por orden de llegada y el equipo evaluar\u00e1 cada uno para determinar qui\u00e9nes necesitan ser hisopados.<\/p>\n<p>Pueden acercarse quienes presenten, al menos, dos s\u00edntomas de los indicados y no hayan sido contacto estrecho de un caso de COVID-19.<\/p>\n<p>Es importante aclarar que si la persona tiene indicaci\u00f3n de aislamiento por ser contacto estrecho de un caso positivo, no puede salir de su hogar.<\/p>\n<div>\n<p>El programa DetectAR del Gobierno nacional se encuentra en Rafaela para realizar testeos en algunos barrios con el objetivo de identificar a enfermos de COVID-19 y reforzar el trabajo que se realiza con equipos locales.<\/p>\n<p>El jueves, el cami\u00f3n se ubic\u00f3 en el barrio 2 de Abril donde se realizaron 50 hisopados. En tanto que el viernes, se traslad\u00f3 a la plaza del Mart\u00edn Fierro, desde las 9 hasta las 15, para continuar con la labor.<\/p>\n<div>\n<p>\u201cEstuvimos con personal social y de salud recorriendo casa por casa para buscar a la gente. El equipo de triage que es un sistema de \u200bselecci\u00f3n y clasificaci\u00f3n de pacientes, evalu\u00f3 si las personas estaban en condiciones de ser hisopadas\u201d, relat\u00f3 la secretaria de Desarrollo Humano del Municipio, Myriam Villafa\u00f1e.<\/p>\n<p>\u201cContar con este programa en la ciudad significa haber recibido un apoyo nacional que fue gestionado por el gobernador Omar Perotti. A trav\u00e9s de este trabajo en el territorio se puede tener una informaci\u00f3n m\u00e1s r\u00e1pida y exacta de la real situaci\u00f3n sanitaria de la ciudad\u201d, remarc\u00f3 la funcionaria.<\/p>\n<p>Tambi\u00e9n dijo que \u201cel operativo se desarroll\u00f3 con personal del Ministerio de Salud de la Naci\u00f3n, del Ministerio de Salud de la Provincia y los equipos municipales. Esto es muy positivo e importante porque nos permite llegar a una mayor poblaci\u00f3n y poder detectar r\u00e1pidamente si las personas son positivas o no\u201d.<\/p>\n<p>Ambos d\u00edas \u201cse acercaron muchos vecinos y vecinas con s\u00edntomas. Los que ten\u00edan dudas, pudieron asesorarse con el equipo de triage para determinar si ten\u00edan que hisoparse ya que no todos re\u00fanen los criterios para realizar el estudio\u201d.<\/p>\n<\/div>\n<\/div>\n","protected":false},"excerpt":{"rendered":"<p>Este s\u00e1bado, en el horario de 9 a 15, frente al edificio municipal, las personas se podr\u00e1n acercar para realizarse<\/p>\n","protected":false},"author":2,"featured_media":22539,"comment_status":"open","ping_status":"open","sticky":false,"template":"","format":"standard","meta":{"footnotes":""},"categories":[1],"tags":[],"class_list":["post-22538","post","type-post","status-publish","format-standard","has-post-thumbnail","hentry","category-sin-categoria"],"cc_featured_image_caption":{"caption_text":"Foto Desdecasa.rafaela.gob.ar","source_text":"","source_url":""},"_links":{"self":[{"href":"https:\/\/todoapulmon-rafaela.com\/index.php\/wp-json\/wp\/v2\/posts\/22538"}],"collection":[{"href":"https:\/\/todoapulmon-rafaela.com\/index.php\/wp-json\/wp\/v2\/posts"}],"about":[{"href":"https:\/\/todoapulmon-rafaela.com\/index.php\/wp-json\/wp\/v2\/types\/post"}],"author":[{"embeddable":true,"href":"https:\/\/todoapulmon-rafaela.com\/index.php\/wp-json\/wp\/v2\/users\/2"}],"replies":[{"embeddable":true,"href":"https:\/\/todoapulmon-rafaela.com\/index.php\/wp-json\/wp\/v2\/comments?post=22538"}],"version-history":[{"count":2,"href":"https:\/\/todoapulmon-rafaela.com\/index.php\/wp-json\/wp\/v2\/posts\/22538\/revisions"}],"predecessor-version":[{"id":22541,"href":"https:\/\/todoapulmon-rafaela.com\/index.php\/wp-json\/wp\/v2\/posts\/22538\/revisions\/22541"}],"wp:featuredmedia":[{"embeddable":true,"href":"https:\/\/todoapulmon-rafaela.com\/index.php\/wp-json\/wp\/v2\/media\/22539"}],"wp:attachment":[{"href":"https:\/\/todoapulmon-rafaela.com\/index.php\/wp-json\/wp\/v2\/media?parent=22538"}],"wp:term":[{"taxonomy":"category","embeddable":true,"href":"https:\/\/todoapulmon-rafaela.com\/index.php\/wp-json\/wp\/v2\/categories?post=22538"},{"taxonomy":"post_tag","embeddable":true,"href":"https:\/\/todoapulmon-rafaela.com\/index.php\/wp-json\/wp\/v2\/tags?post=22538"}],"curies":[{"name":"wp","href":"https:\/\/api.w.org\/{rel}","templated":true}]}}