{"id":2251,"date":"2016-08-22T17:30:32","date_gmt":"2016-08-22T17:30:32","guid":{"rendered":"http:\/\/todoapulmon-rafaela.com\/?p=2251"},"modified":"2016-08-22T17:30:32","modified_gmt":"2016-08-22T17:30:32","slug":"distinta-ciudad-el-mismo-logro","status":"publish","type":"post","link":"https:\/\/todoapulmon-rafaela.com\/index.php\/2016\/08\/22\/distinta-ciudad-el-mismo-logro\/","title":{"rendered":"Distinta ciudad, el mismo logro"},"content":{"rendered":"<p>Durante el fin de semana se desarroll\u00f3 el sexto torneo de tenis G-3 orgnizado por el Santa Fe Lawn Tenis, de la capital provincial, que en la categor\u00eda Sub 14 tuvo t\u00edtulos rafaelinos. Como hab\u00eda acontecido hace algunas semanas en Paran\u00e1, nuevamente Sof\u00eda Vivas obtuvo el t\u00edtulo de damas y Federico Zeiter el de varones.<\/p>\n<p>Vivas super\u00f3 en la final a Azul Malatini, de Pilar, por 6\/1 y<span class=\"text_exposed_show\"> 6\/3, en tanto que\u00a0<\/span>Zeiter derrot\u00f3 en el encuentro decisivo a Bessone por 6\/4, 6\/7 y 6\/1. Recordemos que ambos jugadores representan al Complejo La Ca\u00f1ada, con Mariano Fava y Marcos Emmert como entrenadores.\u00a0<span class=\"text_exposed_show\">Vale destacar la actuaci\u00f3n de Marco Kalbermatten, otro integrante de la escuela de tenis del club, que cay\u00f3 en semifinales con su compa\u00f1ero de entrenamiento Zeiter por 6\/1 y 6\/3.<\/span><span class=\"text_exposed_show\"><br \/>\n<\/span><\/p>\n<div>.<\/div>\n","protected":false},"excerpt":{"rendered":"<p>Durante el fin de semana se desarroll\u00f3 el sexto torneo de tenis G-3 orgnizado por el Santa Fe Lawn Tenis,<\/p>\n","protected":false},"author":2,"featured_media":2252,"comment_status":"open","ping_status":"open","sticky":false,"template":"","format":"standard","meta":{"footnotes":""},"categories":[24,6],"tags":[],"class_list":["post-2251","post","type-post","status-publish","format-standard","has-post-thumbnail","hentry","category-noticias-destacadas","category-tenis"],"cc_featured_image_caption":{"caption_text":"En el n\u00famero 47 de Revista Todo a Pulm\u00f3n se puede ver la info de los chicos cuando ganaron en Paran\u00e1. Ahora repitieron en Santa Fe.","source_text":"","source_url":""},"_links":{"self":[{"href":"https:\/\/todoapulmon-rafaela.com\/index.php\/wp-json\/wp\/v2\/posts\/2251"}],"collection":[{"href":"https:\/\/todoapulmon-rafaela.com\/index.php\/wp-json\/wp\/v2\/posts"}],"about":[{"href":"https:\/\/todoapulmon-rafaela.com\/index.php\/wp-json\/wp\/v2\/types\/post"}],"author":[{"embeddable":true,"href":"https:\/\/todoapulmon-rafaela.com\/index.php\/wp-json\/wp\/v2\/users\/2"}],"replies":[{"embeddable":true,"href":"https:\/\/todoapulmon-rafaela.com\/index.php\/wp-json\/wp\/v2\/comments?post=2251"}],"version-history":[{"count":1,"href":"https:\/\/todoapulmon-rafaela.com\/index.php\/wp-json\/wp\/v2\/posts\/2251\/revisions"}],"predecessor-version":[{"id":2253,"href":"https:\/\/todoapulmon-rafaela.com\/index.php\/wp-json\/wp\/v2\/posts\/2251\/revisions\/2253"}],"wp:featuredmedia":[{"embeddable":true,"href":"https:\/\/todoapulmon-rafaela.com\/index.php\/wp-json\/wp\/v2\/media\/2252"}],"wp:attachment":[{"href":"https:\/\/todoapulmon-rafaela.com\/index.php\/wp-json\/wp\/v2\/media?parent=2251"}],"wp:term":[{"taxonomy":"category","embeddable":true,"href":"https:\/\/todoapulmon-rafaela.com\/index.php\/wp-json\/wp\/v2\/categories?post=2251"},{"taxonomy":"post_tag","embeddable":true,"href":"https:\/\/todoapulmon-rafaela.com\/index.php\/wp-json\/wp\/v2\/tags?post=2251"}],"curies":[{"name":"wp","href":"https:\/\/api.w.org\/{rel}","templated":true}]}}