{"id":22503,"date":"2020-09-22T15:19:28","date_gmt":"2020-09-22T15:19:28","guid":{"rendered":"https:\/\/todoapulmon-rafaela.com\/?p=22503"},"modified":"2020-09-22T15:19:28","modified_gmt":"2020-09-22T15:19:28","slug":"el-cenard-es-un-emblema-nacional-y-no-se-va-a-vender","status":"publish","type":"post","link":"https:\/\/todoapulmon-rafaela.com\/index.php\/2020\/09\/22\/el-cenard-es-un-emblema-nacional-y-no-se-va-a-vender\/","title":{"rendered":"\u00abEl CENARD es un emblema nacional y no se va a vender\u00bb"},"content":{"rendered":"<div dir=\"ltr\">\n<div>La secretaria de Deporte de la Naci\u00f3n, In\u00e9s Arrondo, destac\u00f3 durante el fin de semana que el \u00abCenard es un emblema nacional y no se va a vender, como planeaba la gesti\u00f3n anterior, sino que ser\u00e1 reacondicionado\u00bb.<br \/>\n\u00abEstamos seguros de que el Cenard se iba a vender, seg\u00fan los planes de la anterior gesti\u00f3n, pero nosotros creemos que ese lugar es un emblema nacional, con 600 deportistas que hoy se entrenan all\u00ed, y lo vamos a reacondicionar\u201d, anunci\u00f3 Arrondo.<br \/>\n\u00abDe hecho hasta se hab\u00eda iniciado un proceso de traslado de \u00e1reas de lo que era la estructura de Deportes, que era la Agencia en ese momento, al Parque Roca. Pero para nosotros el Cenard es un espacio que tiene que ver con la historia del deporte argentino y no tenemos inter\u00e9s en que se venda ni en que se pierda como espacio\u00bb, enfatiz\u00f3.<br \/>\nArrondo formul\u00f3 este anuncio durante una entrevista por redes sociales en el ciclo \u201cPeriodismo en cuarentena\u201d.<br \/>\n\u00abLas Leonas, sin ir m\u00e1s lejos, pusimos nuestro nombre en uno de los salones que est\u00e1 en el edificio principal del Cenard. Y hoy en d\u00eda est\u00e1n entrenando all\u00ed todas nuestras selecciones nacionales, Las Panteras (v\u00f3leibol), Los Gladiadores (handball), La Garra (handball), por lo que, en todo caso, lo que hay que hacer es ampliar la cantidad de espacios disponibles, y no restringirlos\u00bb, advirti\u00f3.<\/p>\n<p>\u00abPara ello estamos trabajando con las provincias y los fondos de este a\u00f1o que eran para los Juegos Nacionales Evita se van destinar a desarrollar otros programas en cada una de ellas y a mejorar obras en el Cenard, que es la casa del deporte argentino. Es que en los \u00faltimos cuatro a\u00f1os no se hizo nada all\u00ed, y por eso estuvimos analizando con el ministro de Turismo y Deportes, Mat\u00edas Lammens, una proyecci\u00f3n de construcciones edilicias en sus espacios deportivos\u201d, remarc\u00f3.<\/p>\n<p>En cuanto a los mencionados Juegos Nacionales Evita, aclar\u00f3 que hasta \u00ab\u00faltimo momento se intent\u00f3 que se realizaran este a\u00f1o, pero por la pandemia de coronavirus no se pudieron hacer las etapas de eliminatorias y por lo tanto tampoco se pod\u00edan disputar las instancias finales. Pero de todas formas, entre los \u00faltimos d\u00edas de octubre o principios de noviembre llevaremos adelante una Semana Evita, con alguna forma de expresi\u00f3n que ya informaremos\u201d, anticip\u00f3.<\/p>\n<p>Arrondo, que tambi\u00e9n fue medallista ol\u00edmpica (bronce) en Atenas 2004 y supo consagrarse campeona del mundo con Las Leonas en Perth (Australia), en 2002, adelant\u00f3 que precisamente se reunir\u00e1 con el ministro Lammens para culminar la planificaci\u00f3n de un nuevo programa de desarrollo del deporte argentino en los pr\u00f3ximos d\u00edas, \u00abporque se est\u00e1 estudiando un aumento de las becas a deportistas\u00bb.<\/p>\n<\/div>\n<\/div>\n","protected":false},"excerpt":{"rendered":"<p>La secretaria de Deporte de la Naci\u00f3n, In\u00e9s Arrondo, destac\u00f3 durante el fin de semana que el \u00abCenard es un<\/p>\n","protected":false},"author":2,"featured_media":22504,"comment_status":"open","ping_status":"open","sticky":false,"template":"","format":"standard","meta":{"footnotes":""},"categories":[24],"tags":[],"class_list":["post-22503","post","type-post","status-publish","format-standard","has-post-thumbnail","hentry","category-noticias-destacadas"],"cc_featured_image_caption":{"caption_text":"La Secretaria de Deporte de la Naci\u00f3n, In\u00e9s Arrondo.","source_text":"","source_url":""},"_links":{"self":[{"href":"https:\/\/todoapulmon-rafaela.com\/index.php\/wp-json\/wp\/v2\/posts\/22503"}],"collection":[{"href":"https:\/\/todoapulmon-rafaela.com\/index.php\/wp-json\/wp\/v2\/posts"}],"about":[{"href":"https:\/\/todoapulmon-rafaela.com\/index.php\/wp-json\/wp\/v2\/types\/post"}],"author":[{"embeddable":true,"href":"https:\/\/todoapulmon-rafaela.com\/index.php\/wp-json\/wp\/v2\/users\/2"}],"replies":[{"embeddable":true,"href":"https:\/\/todoapulmon-rafaela.com\/index.php\/wp-json\/wp\/v2\/comments?post=22503"}],"version-history":[{"count":1,"href":"https:\/\/todoapulmon-rafaela.com\/index.php\/wp-json\/wp\/v2\/posts\/22503\/revisions"}],"predecessor-version":[{"id":22505,"href":"https:\/\/todoapulmon-rafaela.com\/index.php\/wp-json\/wp\/v2\/posts\/22503\/revisions\/22505"}],"wp:featuredmedia":[{"embeddable":true,"href":"https:\/\/todoapulmon-rafaela.com\/index.php\/wp-json\/wp\/v2\/media\/22504"}],"wp:attachment":[{"href":"https:\/\/todoapulmon-rafaela.com\/index.php\/wp-json\/wp\/v2\/media?parent=22503"}],"wp:term":[{"taxonomy":"category","embeddable":true,"href":"https:\/\/todoapulmon-rafaela.com\/index.php\/wp-json\/wp\/v2\/categories?post=22503"},{"taxonomy":"post_tag","embeddable":true,"href":"https:\/\/todoapulmon-rafaela.com\/index.php\/wp-json\/wp\/v2\/tags?post=22503"}],"curies":[{"name":"wp","href":"https:\/\/api.w.org\/{rel}","templated":true}]}}