{"id":22468,"date":"2020-09-19T17:22:34","date_gmt":"2020-09-19T17:22:34","guid":{"rendered":"https:\/\/todoapulmon-rafaela.com\/?p=22468"},"modified":"2020-09-19T17:22:34","modified_gmt":"2020-09-19T17:22:34","slug":"pogacar-volo-en-la-crono-y-gano-el-tour-de-francia-2020","status":"publish","type":"post","link":"https:\/\/todoapulmon-rafaela.com\/index.php\/2020\/09\/19\/pogacar-volo-en-la-crono-y-gano-el-tour-de-francia-2020\/","title":{"rendered":"Pogacar vol\u00f3 en la crono y gan\u00f3 el Tour de Francia 2020"},"content":{"rendered":"<p>El esloveno Tadej Pogacar, de 21 a\u00f1os, se consagr\u00f3 este s\u00e1bado campe\u00f3n del Tour de Francia 2020 tras volar en la prueba contrarreloj, en la que Primoz Roglic tuvo una mala jornada y su compatriota le arrebat\u00f3 el maillot de l\u00edder sin discusi\u00f3n.<\/p>\n<p>\u00abCreo que estoy so\u00f1ando, es incre\u00edble\u00bb, fueron las primeras palabras del nuevo rey de la ronda francesa. \u00abNo s\u00e9 en qu\u00e9 momento hice esto, estoy muy orgulloso de mi equipo. So\u00f1amos esto desde la salida. Es incre\u00edble\u00bb, agreg\u00f3.<\/p>\n<p>Pogacar (55 min 55 s), que antes de la &#8216;crono&#8217; de 36,2 km era segundo en la general a 57 segundos de su compatriota Primoz Roglic, gan\u00f3 la etapa y se visti\u00f3 de amarillo al aventajar en 1:56 al l\u00edder del Jumbo-Visma.<\/p>\n<blockquote class=\"twitter-tweet\" data-width=\"550\">\n<p lang=\"ca\" dir=\"ltr\">\u00daltimos 8 ganadores del Tour en su debut:<br \/>Coppi en 1949<br \/>Koblet en 1951 (no volvi\u00f3 a ganar una Gran Vuelta)<br \/>Anquetil en 1957 (debut en Grandes Vueltas)<br \/>Gimondi en 1965 (no volvi\u00f3 a ganar el Tour)<br \/>Merckx en 1969<br \/>Hinault en 1978<br \/>Fignon en 1983<br \/>Poga\u010dar en 2020<\/p>\n<p>&mdash; Eldrick ISB-David FC (@EldrickISB) <a href=\"https:\/\/twitter.com\/EldrickISB\/status\/1307358986845458434?ref_src=twsrc%5Etfw\">September 19, 2020<\/a><\/p><\/blockquote>\n<p><script async src=\"https:\/\/platform.twitter.com\/widgets.js\" charset=\"utf-8\"><\/script><\/p>\n<p>\u00abEs muy loco haberle ganado (a Roglic). Hoy celebraremos, pero todav\u00eda tenemos que tener cuidado, tenemos que estar en la bicicleta hasta que no crucemos la l\u00ednea en Par\u00eds\u00bb, dijo m\u00e1s luego el flamante vencedor ya vestido con el maillot amarillo.<\/p>\n<p>CLASIFICACION ETAPA<\/p>\n<p>1\u00ba\u00a0Tadej Pogacar (Esl\/UAE)\u00a0en 55:55<\/p>\n<p>2\u00ba Tom Dumoulin (PBa\/TJV) a 1:21<\/p>\n<p>3\u00ba\u00a0Richie Porte (Aus\/TFS)\u00a0a 1:21<\/p>\n<p>4\u00ba Wout Van Aert (B\u00e9l\/TJV) a 1:31<\/p>\n<p>5\u00ba\u00a0Primoz Roglic (Esl\/TJV)\u00a0a 1:56<\/p>\n<h3>Clasificaci\u00f3n general<\/h3>\n<p>1\u00ba\u00a0Tadej Pogacar (Esl\/UAE)\u00a084h 26:33<\/p>\n<p>2\u00ba\u00a0Primoz Roglic (Esl\/TJV)\u00a0+ 00:59<\/p>\n<p>3\u00ba\u00a0Richie Porte (Aus\/TFS)\u00a0+ 03:30<\/p>\n<p>4\u00ba\u00a0Mikel Landa (Bahrain)\u00a0+ 05:58<\/p>\n<p>5\u00ba\u00a0Enric Mas (Movistar) +\u00a006:07<\/p>\n<p>6\u00ba\u00a0Miguel Angel L\u00f3pez (Col\/AST)\u00a0+ 06:47.<\/p>\n","protected":false},"excerpt":{"rendered":"<p>El esloveno Tadej Pogacar, de 21 a\u00f1os, se consagr\u00f3 este s\u00e1bado campe\u00f3n del Tour de Francia 2020 tras volar en<\/p>\n","protected":false},"author":2,"featured_media":22469,"comment_status":"open","ping_status":"open","sticky":false,"template":"","format":"standard","meta":{"footnotes":""},"categories":[4,24],"tags":[],"class_list":["post-22468","post","type-post","status-publish","format-standard","has-post-thumbnail","hentry","category-ciclismo","category-noticias-destacadas"],"cc_featured_image_caption":{"caption_text":"Foto AFP","source_text":"","source_url":""},"_links":{"self":[{"href":"https:\/\/todoapulmon-rafaela.com\/index.php\/wp-json\/wp\/v2\/posts\/22468"}],"collection":[{"href":"https:\/\/todoapulmon-rafaela.com\/index.php\/wp-json\/wp\/v2\/posts"}],"about":[{"href":"https:\/\/todoapulmon-rafaela.com\/index.php\/wp-json\/wp\/v2\/types\/post"}],"author":[{"embeddable":true,"href":"https:\/\/todoapulmon-rafaela.com\/index.php\/wp-json\/wp\/v2\/users\/2"}],"replies":[{"embeddable":true,"href":"https:\/\/todoapulmon-rafaela.com\/index.php\/wp-json\/wp\/v2\/comments?post=22468"}],"version-history":[{"count":1,"href":"https:\/\/todoapulmon-rafaela.com\/index.php\/wp-json\/wp\/v2\/posts\/22468\/revisions"}],"predecessor-version":[{"id":22470,"href":"https:\/\/todoapulmon-rafaela.com\/index.php\/wp-json\/wp\/v2\/posts\/22468\/revisions\/22470"}],"wp:featuredmedia":[{"embeddable":true,"href":"https:\/\/todoapulmon-rafaela.com\/index.php\/wp-json\/wp\/v2\/media\/22469"}],"wp:attachment":[{"href":"https:\/\/todoapulmon-rafaela.com\/index.php\/wp-json\/wp\/v2\/media?parent=22468"}],"wp:term":[{"taxonomy":"category","embeddable":true,"href":"https:\/\/todoapulmon-rafaela.com\/index.php\/wp-json\/wp\/v2\/categories?post=22468"},{"taxonomy":"post_tag","embeddable":true,"href":"https:\/\/todoapulmon-rafaela.com\/index.php\/wp-json\/wp\/v2\/tags?post=22468"}],"curies":[{"name":"wp","href":"https:\/\/api.w.org\/{rel}","templated":true}]}}