{"id":22291,"date":"2020-08-31T20:47:48","date_gmt":"2020-08-31T20:47:48","guid":{"rendered":"https:\/\/todoapulmon-rafaela.com\/?p=22291"},"modified":"2020-08-31T20:47:48","modified_gmt":"2020-08-31T20:47:48","slug":"la-municipalidad-informo-que-se-posterga-la-carrera-de-tc","status":"publish","type":"post","link":"https:\/\/todoapulmon-rafaela.com\/index.php\/2020\/08\/31\/la-municipalidad-informo-que-se-posterga-la-carrera-de-tc\/","title":{"rendered":"La Municipalidad inform\u00f3 que se posterga la carrera de TC"},"content":{"rendered":"<p>Este lunes se mantuvo una reuni\u00f3n de trabajo entre representantes del gobierno de la Provincia de Santa Fe, el municipio local, la Asociaci\u00f3n de Corredores de Turismo Carretera (ACTC) y la Asociaci\u00f3n Mutual Social y Deportiva Atl\u00e9tico de Rafaela. En dicho encuentro se acord\u00f3 que por razones de seguridad sanitaria el evento deportivo se postergue.<\/p>\n<div>Recordemos que en las \u00faltimas horas aumentaron los casos de COVID-19 y no est\u00e1n dadas las condiciones para que la competencia se realice en lo inmediato en nuestra ciudad.<\/div>\n<div>\u00abDescontamos la buena voluntad y la disposici\u00f3n de todas las partes para que la carrera se realice en cuanto la situaci\u00f3n sea \u00f3ptima, haciendo constar que la ACTC ten\u00eda previsto tomar todos los recaudos para no entrar en contacto con los vecinos y vecinas de la ciudad de Rafaela, adem\u00e1s de poseer un protocolo autorizado por el Ministerio de Salud de Naci\u00f3n y el Comit\u00e9 Ejecutivo de la Asociaci\u00f3n de Corredores de Turismo Carretera\u00bb, se\u00f1al\u00f3 el municipio en un comunicado.<\/div>\n","protected":false},"excerpt":{"rendered":"<p>Este lunes se mantuvo una reuni\u00f3n de trabajo entre representantes del gobierno de la Provincia de Santa Fe, el municipio<\/p>\n","protected":false},"author":2,"featured_media":22293,"comment_status":"open","ping_status":"open","sticky":false,"template":"","format":"standard","meta":{"footnotes":""},"categories":[24],"tags":[],"class_list":["post-22291","post","type-post","status-publish","format-standard","has-post-thumbnail","hentry","category-noticias-destacadas"],"cc_featured_image_caption":{"caption_text":"No se realizar\u00e1 la programaci\u00f3n, que se iba a realizar sin p\u00fablico, en el aut\u00f3dromo rafaelino.","source_text":"","source_url":""},"_links":{"self":[{"href":"https:\/\/todoapulmon-rafaela.com\/index.php\/wp-json\/wp\/v2\/posts\/22291"}],"collection":[{"href":"https:\/\/todoapulmon-rafaela.com\/index.php\/wp-json\/wp\/v2\/posts"}],"about":[{"href":"https:\/\/todoapulmon-rafaela.com\/index.php\/wp-json\/wp\/v2\/types\/post"}],"author":[{"embeddable":true,"href":"https:\/\/todoapulmon-rafaela.com\/index.php\/wp-json\/wp\/v2\/users\/2"}],"replies":[{"embeddable":true,"href":"https:\/\/todoapulmon-rafaela.com\/index.php\/wp-json\/wp\/v2\/comments?post=22291"}],"version-history":[{"count":1,"href":"https:\/\/todoapulmon-rafaela.com\/index.php\/wp-json\/wp\/v2\/posts\/22291\/revisions"}],"predecessor-version":[{"id":22292,"href":"https:\/\/todoapulmon-rafaela.com\/index.php\/wp-json\/wp\/v2\/posts\/22291\/revisions\/22292"}],"wp:featuredmedia":[{"embeddable":true,"href":"https:\/\/todoapulmon-rafaela.com\/index.php\/wp-json\/wp\/v2\/media\/22293"}],"wp:attachment":[{"href":"https:\/\/todoapulmon-rafaela.com\/index.php\/wp-json\/wp\/v2\/media?parent=22291"}],"wp:term":[{"taxonomy":"category","embeddable":true,"href":"https:\/\/todoapulmon-rafaela.com\/index.php\/wp-json\/wp\/v2\/categories?post=22291"},{"taxonomy":"post_tag","embeddable":true,"href":"https:\/\/todoapulmon-rafaela.com\/index.php\/wp-json\/wp\/v2\/tags?post=22291"}],"curies":[{"name":"wp","href":"https:\/\/api.w.org\/{rel}","templated":true}]}}