{"id":22269,"date":"2020-08-30T13:09:18","date_gmt":"2020-08-30T13:09:18","guid":{"rendered":"https:\/\/todoapulmon-rafaela.com\/?p=22269"},"modified":"2020-08-30T13:29:30","modified_gmt":"2020-08-30T13:29:30","slug":"accidentado-comienzo-del-tour-de-francia-sin-presencia-argentina","status":"publish","type":"post","link":"https:\/\/todoapulmon-rafaela.com\/index.php\/2020\/08\/30\/accidentado-comienzo-del-tour-de-francia-sin-presencia-argentina\/","title":{"rendered":"Accidentado comienzo del Tour de Francia, sin presencia argentina"},"content":{"rendered":"<section id=\"cuerpo\">\n<p class=\"capital\">El noruego\u00a0<b>Alexander Kristoff<\/b>\u00a0(equipo UAE Emirates) fue el m\u00e1s r\u00e1pido este s\u00e1bado en\u00a0<b>Niza<\/b>\u00a0para adjudicarse\u00a0<b>la primera etapa del Tour de Francia,<\/b>\u00a0marcada por una sucesi\u00f3n de\u00a0<b>ca\u00eddas<\/b>\u00a0sobre una calzada muy resbaladiza por la\u00a0<b>lluvia,<\/b>\u00a0y\u00a0<b>sin presencia argentina<\/b>\u00a0por primera vez en los \u00faltimos siete a\u00f1os. En tanto, el franc\u00e9s\u00a0<b>Thibaut Pinot,<\/b>\u00a0uno de los favoritos, se vio envuelto en una de ellas a menos de tres kil\u00f3metros para la meta y termin\u00f3 con un hombro ensangrentado.<\/p>\n<p>El velocista escandinavo de 33 a\u00f1os se enfund\u00f3\u00a0<b>el primer maillot amarillo<\/b>\u00a0de esta realizaci\u00f3n, que se inici\u00f3 con un r\u00edgido protocolo sanitario y restricci\u00f3n de acceso al p\u00fablico, debido a la pandemia de coronavirus.\u00a0<b>La lluvia, en tanto, transform\u00f3 el asfalto en una pista de patinaje\u00a0<\/b>en algunos tramos, sobre todo luego del largo periodo de sequ\u00eda estival en la Costa Azul, lo cual provoc\u00f3 numerosos golpes y derrapes.<\/p>\n<div>\n<div id=\"aniBox\">\n<div id=\"aniplayer_AV5efe4030db246625d640d2f7\">\n<div id=\"anibid\"><b>Los tiempos fueron neutralizados en el paso bajo la pancarta de los tres \u00faltimos kil\u00f3metros,<\/b>\u00a0a ra\u00edz de las quejas de los corredores una vez que hab\u00edan realizado los dos primeros pasos por el Paseo de los Ingleses. Otro hombre que dio con sus huesos en el asfalto, y en dos ocasiones, fue el ruso\u00a0<b>Pavel Sivakov,<\/b>\u00a0uno de los lugartenientes para la monta\u00f1a del vigente campe\u00f3n, el colombiano\u00a0<b>Egan Bernal.<\/b><\/div>\n<div>Dolido en las costillas y con los codos ensangrentados en su bautismo en el Tour, el ruso de 23 a\u00f1os tuvo que pedalear en la cola del pelot\u00f3n. Con los corredores\u00a0<b>m\u00e1s preocupados por no caerse que por destacarse,<\/b>\u00a0esta at\u00edpica etapa tuvo algo de acci\u00f3n en los 20 \u00faltimos kil\u00f3metros, luego de una tentativa de Benoit Cosnefroy.<\/div>\n<\/div>\n<\/div>\n<\/div>\n<div id=\"modalOverlay\">\u00a0\u00abLa etapa de hoy, ya hemos visto&#8230;\u00a0<b>bastantes ca\u00eddas. El recorrido era un poco peligroso,<\/b>\u00a0descensos, mucha pintura, muchas sendas peatonales, pasos por metas\u00bb, describi\u00f3 el colombiano\u00a0<b>Miguel \u00c1ngel \u00abS\u00faperman\u00bb L\u00f3pez,<\/b>\u00a0de 26 a\u00f1os. El l\u00edder del equipo Astan\u00e1 y debutante en el Tour de Francia se estrell\u00f3 contra una se\u00f1al de tr\u00e1fico junto a un cantero en el tramo final de la etapa, pero no sufri\u00f3 da\u00f1os relevantes ni perdi\u00f3 tiempo respecto a los favoritos.\u00a0<b>\u00abLa lluvia hac\u00eda que todo el mundo se fuera al suelo.<\/b>\u00a0Se me fue la rueda trasera, pero afortunadamente estamos bien, sin nada que lamentar. Pudo ser peor\u00bb, explic\u00f3.<\/div>\n<\/section>\n<div><\/div>\n<div>En el sprint final,\u00a0<b>Kristoff super\u00f3 al dan\u00e9s campe\u00f3n del mundo Mads Pedersen<\/b>\u00a0y al neerland\u00e9s\u00a0<b>Cees Bol<\/b>\u00a0para sumar su\u00a0<b>cuarta victoria en una etapa del Tour.<\/b>\u00a0Ex ganador de la Mil\u00e1n-San Remo y del Tour de Flandes, el ciclista de 33 a\u00f1os llegar\u00e1 vestido de amarillo a las primeras dificultades monta\u00f1osas de la carrera.<\/div>\n<section id=\"cuerpo\">Los espectadores del Tour y los participantes generalmente socializaban al inicio de las etapas, posando juntos para fotograf\u00edas e intercambiando algunas palabras. Todo esto fue imposible al comienzo de estos 156 kil\u00f3metros inaugurales, y as\u00ed ser\u00e1 en cada d\u00eda de competencia.\u00a0<b>Los pocos presentes no ten\u00edan permitido tomarse fotos con sus \u00eddolos ni pedirles aut\u00f3grafos.<\/b>\u00a0Tampoco pudieron acercarse a los \u00f3mnibus de los equipos del campe\u00f3n, el colombiano\u00a0<b>Bernal,<\/b>\u00a0y del ex campe\u00f3n mundial\u00a0<b>Peter Sagan,<\/b>\u00a0estacionados uno al lado del otro.<\/section>\n<section><\/section>\n<section>Fuente: La Naci\u00f3n.<\/section>\n","protected":false},"excerpt":{"rendered":"<p>El noruego\u00a0Alexander Kristoff\u00a0(equipo UAE Emirates) fue el m\u00e1s r\u00e1pido este s\u00e1bado en\u00a0Niza\u00a0para adjudicarse\u00a0la primera etapa del Tour de Francia,\u00a0marcada por<\/p>\n","protected":false},"author":2,"featured_media":22270,"comment_status":"open","ping_status":"open","sticky":false,"template":"","format":"standard","meta":{"footnotes":""},"categories":[4,24],"tags":[],"class_list":["post-22269","post","type-post","status-publish","format-standard","has-post-thumbnail","hentry","category-ciclismo","category-noticias-destacadas"],"cc_featured_image_caption":{"caption_text":"lexander Kristoff, ganador de la primera etapa del Tour de Francia 2020. Foto: Christophe Petit-Tesson \/ AP.","source_text":"","source_url":""},"_links":{"self":[{"href":"https:\/\/todoapulmon-rafaela.com\/index.php\/wp-json\/wp\/v2\/posts\/22269"}],"collection":[{"href":"https:\/\/todoapulmon-rafaela.com\/index.php\/wp-json\/wp\/v2\/posts"}],"about":[{"href":"https:\/\/todoapulmon-rafaela.com\/index.php\/wp-json\/wp\/v2\/types\/post"}],"author":[{"embeddable":true,"href":"https:\/\/todoapulmon-rafaela.com\/index.php\/wp-json\/wp\/v2\/users\/2"}],"replies":[{"embeddable":true,"href":"https:\/\/todoapulmon-rafaela.com\/index.php\/wp-json\/wp\/v2\/comments?post=22269"}],"version-history":[{"count":6,"href":"https:\/\/todoapulmon-rafaela.com\/index.php\/wp-json\/wp\/v2\/posts\/22269\/revisions"}],"predecessor-version":[{"id":22276,"href":"https:\/\/todoapulmon-rafaela.com\/index.php\/wp-json\/wp\/v2\/posts\/22269\/revisions\/22276"}],"wp:featuredmedia":[{"embeddable":true,"href":"https:\/\/todoapulmon-rafaela.com\/index.php\/wp-json\/wp\/v2\/media\/22270"}],"wp:attachment":[{"href":"https:\/\/todoapulmon-rafaela.com\/index.php\/wp-json\/wp\/v2\/media?parent=22269"}],"wp:term":[{"taxonomy":"category","embeddable":true,"href":"https:\/\/todoapulmon-rafaela.com\/index.php\/wp-json\/wp\/v2\/categories?post=22269"},{"taxonomy":"post_tag","embeddable":true,"href":"https:\/\/todoapulmon-rafaela.com\/index.php\/wp-json\/wp\/v2\/tags?post=22269"}],"curies":[{"name":"wp","href":"https:\/\/api.w.org\/{rel}","templated":true}]}}