{"id":22235,"date":"2020-08-23T14:18:42","date_gmt":"2020-08-23T14:18:42","guid":{"rendered":"https:\/\/todoapulmon-rafaela.com\/?p=22235"},"modified":"2020-08-23T14:25:56","modified_gmt":"2020-08-23T14:25:56","slug":"a-5-anos-de-un-recordado-full-house-de-pablo-villar","status":"publish","type":"post","link":"https:\/\/todoapulmon-rafaela.com\/index.php\/2020\/08\/23\/a-5-anos-de-un-recordado-full-house-de-pablo-villar\/","title":{"rendered":"A 5 a\u00f1os de un recordado full house de Pablo Villar"},"content":{"rendered":"<p class=\"x_MsoNormal\">En este a\u00f1o que seguramente no tendr\u00e1 rugby a nivel de competencia local y nacional, aparecen cada tanto buenos recuerdos de lo que pas\u00f3 dentro de la cancha. Uno de ellos fue hace exactamente cinco a\u00f1os, cuando CRAR le ganaba por la Zona Campeonato del Torneo Regional del Litoral como visitante a Universitario de Santa Fe por 34 a 26 y Pablo Villar era la noticia de la fecha convirtiendo un full house, el primero de un jugador de la Uni\u00f3n Santafesina en esa temporada.<\/p>\n<p class=\"x_MsoNormal\">El apertura lograba puntos por todas las v\u00edas posibles: un try, un drop, un penal y cuatro conversiones, en una actuaci\u00f3n sobresaliente y donde tambi\u00e9n se destacaron los dos tries de Franco Rosso y otro de Nicol\u00e1s Guti\u00e9rrez, obteniendo un ansiado punto bonus para la escuadra que dirig\u00eda Diego Acosta.<\/p>\n<p class=\"x_MsoNormal\"><img loading=\"lazy\" decoding=\"async\" class=\"alignnone size-medium wp-image-22237\" src=\"https:\/\/todoapulmon-rafaela.com\/wp-content\/uploads\/2020\/08\/Equipo-CRAR-vs.-Uni-2015-300x185.jpg\" alt=\"Equipo CRAR vs. Uni 2015\" width=\"300\" height=\"185\" srcset=\"https:\/\/todoapulmon-rafaela.com\/wp-content\/uploads\/2020\/08\/Equipo-CRAR-vs.-Uni-2015-300x185.jpg 300w, https:\/\/todoapulmon-rafaela.com\/wp-content\/uploads\/2020\/08\/Equipo-CRAR-vs.-Uni-2015.jpg 1280w\" sizes=\"(max-width: 300px) 100vw, 300px\" \/><\/p>\n<p class=\"x_MsoNormal\">Ese d\u00eda la formaci\u00f3n verde fue con:\u00a01-Mat\u00edas Rocchi, 2-Mart\u00edn Zegaib, 3-Daniel Esp\u00edndola; 4-Juan Imvinkelried, 5-Franco Davicino; 6-Nicol\u00e1s Guti\u00e9rrez, 7-Mariano Ferrero, 8-Facundo Aimo; 9-Ricardo Brown, 10-<span class=\"marktl3neeuro\">Pablo<\/span>\u00a0<span class=\"markiy2m4irw9\">Villar<\/span>; 11-Franco Rosso, 12-Guillermo Brown, 13-Jos\u00e9 Mar\u00eda Williner, 14-Juan Manuel Salari; 15- Tom\u00e1s\u00a0<span class=\"markiy2m4irw9\">Villar<\/span>.<br \/>\n<b>Cambios:<\/b>\u00a049m Leonardo Galetto por Guillermo Brown, 33m Ignacio Senn por Mart\u00edn Zegaib.<span class=\"\">\u00a0<\/span><br \/>\n<b>Suplentes:<\/b>\u00a0Carlos Laorden, Ignacio Podio, Agust\u00edn Borio, Ignacio Rota.<span class=\"\">\u00a0<\/span><\/p>\n<p class=\"x_MsoNormal\">Cabe consignar que \u00abPoli\u00bb logr\u00f3 17 de sus 19 puntos en el segundo tiempo, esa tarde en el barrio Las Delicias. Pero ese no ser\u00eda su \u00fanico full house, ya que en abril de 2016 lo repetir\u00eda ante Taraguy de Corrientes, en nuestra ciudad, en el triunfo 22-20 por el torneo Tres Uniones.<\/p>\n<p class=\"x_MsoNormal\">\n","protected":false},"excerpt":{"rendered":"<p>En este a\u00f1o que seguramente no tendr\u00e1 rugby a nivel de competencia local y nacional, aparecen cada tanto buenos recuerdos<\/p>\n","protected":false},"author":2,"featured_media":22239,"comment_status":"open","ping_status":"open","sticky":false,"template":"","format":"standard","meta":{"footnotes":""},"categories":[24,2],"tags":[],"class_list":["post-22235","post","type-post","status-publish","format-standard","has-post-thumbnail","hentry","category-noticias-destacadas","category-rugby"],"cc_featured_image_caption":{"caption_text":"","source_text":"","source_url":""},"_links":{"self":[{"href":"https:\/\/todoapulmon-rafaela.com\/index.php\/wp-json\/wp\/v2\/posts\/22235"}],"collection":[{"href":"https:\/\/todoapulmon-rafaela.com\/index.php\/wp-json\/wp\/v2\/posts"}],"about":[{"href":"https:\/\/todoapulmon-rafaela.com\/index.php\/wp-json\/wp\/v2\/types\/post"}],"author":[{"embeddable":true,"href":"https:\/\/todoapulmon-rafaela.com\/index.php\/wp-json\/wp\/v2\/users\/2"}],"replies":[{"embeddable":true,"href":"https:\/\/todoapulmon-rafaela.com\/index.php\/wp-json\/wp\/v2\/comments?post=22235"}],"version-history":[{"count":2,"href":"https:\/\/todoapulmon-rafaela.com\/index.php\/wp-json\/wp\/v2\/posts\/22235\/revisions"}],"predecessor-version":[{"id":22240,"href":"https:\/\/todoapulmon-rafaela.com\/index.php\/wp-json\/wp\/v2\/posts\/22235\/revisions\/22240"}],"wp:featuredmedia":[{"embeddable":true,"href":"https:\/\/todoapulmon-rafaela.com\/index.php\/wp-json\/wp\/v2\/media\/22239"}],"wp:attachment":[{"href":"https:\/\/todoapulmon-rafaela.com\/index.php\/wp-json\/wp\/v2\/media?parent=22235"}],"wp:term":[{"taxonomy":"category","embeddable":true,"href":"https:\/\/todoapulmon-rafaela.com\/index.php\/wp-json\/wp\/v2\/categories?post=22235"},{"taxonomy":"post_tag","embeddable":true,"href":"https:\/\/todoapulmon-rafaela.com\/index.php\/wp-json\/wp\/v2\/tags?post=22235"}],"curies":[{"name":"wp","href":"https:\/\/api.w.org\/{rel}","templated":true}]}}