{"id":22216,"date":"2020-08-21T02:17:30","date_gmt":"2020-08-21T02:17:30","guid":{"rendered":"https:\/\/todoapulmon-rafaela.com\/?p=22216"},"modified":"2020-08-21T02:23:18","modified_gmt":"2020-08-21T02:23:18","slug":"la-nueva-seleccion-femenina-tiene-gran-presencia-del-basquet-rafaelino","status":"publish","type":"post","link":"https:\/\/todoapulmon-rafaela.com\/index.php\/2020\/08\/21\/la-nueva-seleccion-femenina-tiene-gran-presencia-del-basquet-rafaelino\/","title":{"rendered":"La nueva selecci\u00f3n femenina tiene gran presencia del b\u00e1squet rafaelino"},"content":{"rendered":"<div class=\"itemBody\">Melisa Gretter (ex jugadora de Ben Hur y actualmente en Estudiantes de Madrid), Candela Gentinetta (ex Ben Hur y ahora en Berazategui), Luc\u00eda Operto (ex Ben Hur y pr\u00f3ximamente en Murray State del b\u00e1squet universitario de Estados Unidos) y Gisel Villarruel (ex Libertad de Sunchales y actualmente en Vicenza de Italia), son parte de la preselecci\u00f3n mayor que est\u00e1 comenzando a armar el nuevo entrenador Gregorio Mart\u00ednez.<\/div>\n<div class=\"itemBody\">Adem\u00e1s, Lara Tribouley y Milagros Maza, jugadoras de Libertad de Sunchales, integran la preselecci\u00f3n U18 que podr\u00eda tener competencia a fin de a\u00f1o si la pandemia del Covid 19 lo permite.<\/div>\n<div class=\"itemBody\"><\/div>\n<div class=\"itemBody\">LA NOTA DE CABB<\/div>\n<div class=\"itemBody\">\u201cGanarle tiempo al tiempo\u201d, repite Gregorio Mart\u00ednez. Ni bien asumi\u00f3, el nuevo head coach de los seleccionados femeninos puso r\u00e1pidamente manos a la obra en dos frentes. \u201cEmpezamos con lo urgente\u201d, aclara el DT multicampe\u00f3n con el femenino de Uni\u00f3n Florida que, en las \u00faltimas tres temporadas, dirigi\u00f3 a Obras en la Liga Nacional masculina. Lo primero fue armar una preselecci\u00f3n de U18 para comenzar a trabajar teniendo en cuenta que en diciembre (del 6 al 12) todav\u00eda est\u00e1 programado el FIBA Am\u00e9ricas en Colombia, clasificatorio para el Mundial U19 del a\u00f1o que viene. Y segundo comenzar a desandar el camino con la Mayor, primero armando una lista de seguimiento para luego s\u00ed, individualmente, que el entrenador pudiera hablar con cada una de las chicas para presentarse, explicar su forma de trabajar y ponerse a disposici\u00f3n.<\/div>\n<div class=\"itemBody\">\n<figure id=\"attachment_22224\" aria-describedby=\"caption-attachment-22224\" style=\"width: 300px\" class=\"wp-caption alignnone\"><img loading=\"lazy\" decoding=\"async\" class=\"size-medium wp-image-22224\" src=\"https:\/\/todoapulmon-rafaela.com\/wp-content\/uploads\/2020\/08\/Gentinetta-vs.-Letonia1-300x200.jpg\" alt=\"Candela Gentinetta\" width=\"300\" height=\"200\" srcset=\"https:\/\/todoapulmon-rafaela.com\/wp-content\/uploads\/2020\/08\/Gentinetta-vs.-Letonia1-300x200.jpg 300w, https:\/\/todoapulmon-rafaela.com\/wp-content\/uploads\/2020\/08\/Gentinetta-vs.-Letonia1.jpg 1000w\" sizes=\"(max-width: 300px) 100vw, 300px\" \/><figcaption id=\"caption-attachment-22224\" class=\"wp-caption-text\">Candela Gentinetta<\/figcaption><\/figure>\n<p>\u201cMi idea con las m\u00e1s peque\u00f1as es conocerlas y empezar a inculcarles los h\u00e1bitos necesarios para ser una jugadora de Selecci\u00f3n. Y con las mayores armamos un listado grande para ampliar la base de selecci\u00f3n. A las jugadoras que habitualmente est\u00e1n en el roster nacional les agregamos otras que quer\u00edamos empezar a ver, y todo el plantel U19 que jug\u00f3 el Mundial 2019 (termin\u00f3 en el 12\u00b0 puesto). No es una convocatoria ni una preselecci\u00f3n, lo aclaro, porque el pr\u00f3ximo torneo es reci\u00e9n en mayo del a\u00f1o que viene, pero necesitamos s\u00ed realizar este monitoreo y estar en contacto con ellas porque en el 2021 tendremos un calendario muy intenso\u201d, informa Mart\u00ednez.En el caso de las chicas, son jugadoras que se entrenan en sus casas desde el 3 de agosto. Son 4\/5 entrenamientos semanales, t\u00e9cnicos y f\u00edsicos, en tres grupos distintos de acuerdo a la disponibilidad de las integrantes, sumado a lo que hacen en sus clubes. Tambi\u00e9n han tenido diversas charlas v\u00eda Zoom con Gregorio y el cuerpo t\u00e9cnico que completan el asistente Sebasti\u00e1n Silva, la ex jugadora Sandra Pav\u00f3n, el preparador f\u00edsico Federico Bernal y el nutricionista Luciano Spena. \u201cFederico y Luciano les han dado charlas con informaci\u00f3n para sus h\u00e1bitos diarios, c\u00f3mo saber comer y entrenarse en esta nueva etapa. Y as\u00ed vamos trabajando. En lo t\u00e9cnico venimos trabajando en los fundamentos con las limitaciones del caso\u201d, resalta Mart\u00ednez. La idea, si la pandemia lo permite, es armar una concentraci\u00f3n en septiembre, \u201cprobablemente en dos tandas para empezar a verlas en cancha y conocerlas m\u00e1s\u201d, comenta Gregorio. Est\u00e1n las 12 que lograron la medalla de bronce en el Sudamericano U17 del a\u00f1o pasado disputado en Barranquilla y se sumaron 20 m\u00e1s \u201ccon la idea para ampliar la b\u00fasqueda, tener m\u00e1s chicas en el radar\u201d, ampl\u00eda el coach. Se espera que en las pr\u00f3ximas semanas haya una confirmaci\u00f3n sobre el Premundial de diciembre, que pondr\u00e1 dos plazas en juego para el Mundial 2021.<\/p><\/div>\n<div class=\"itemBody\">\n<figure id=\"attachment_22225\" aria-describedby=\"caption-attachment-22225\" style=\"width: 206px\" class=\"wp-caption alignnone\"><img loading=\"lazy\" decoding=\"async\" class=\"size-medium wp-image-22225\" src=\"https:\/\/todoapulmon-rafaela.com\/wp-content\/uploads\/2020\/08\/Operto-vs.-Espa\u00f1a-206x300.jpg\" alt=\"Luc\u00eda Operto\" width=\"206\" height=\"300\" srcset=\"https:\/\/todoapulmon-rafaela.com\/wp-content\/uploads\/2020\/08\/Operto-vs.-Espa\u00f1a-206x300.jpg 206w, https:\/\/todoapulmon-rafaela.com\/wp-content\/uploads\/2020\/08\/Operto-vs.-Espa\u00f1a.jpg 384w\" sizes=\"(max-width: 206px) 100vw, 206px\" \/><figcaption id=\"caption-attachment-22225\" class=\"wp-caption-text\">Luc\u00eda Operto<\/figcaption><\/figure>\n<\/div>\n<div class=\"itemBody\">\n<p>As\u00ed arranc\u00f3 la actividad del femenino, sin perder tiempo y buscando potenciar recursos y que el futuro no agarre a nadie desprevenido.<\/p>\n<p><strong>LISTADO DE SEGUIMIENTO: SELECCI\u00d3N MAYOR<\/strong><\/p>\n<p>Abril Ram\u00edrez &#8211; Andes Talleres Sport Club<\/p>\n<p>Agostina Burani &#8211; Obras Sanitarias<\/p>\n<p>Agustina Garc\u00eda &#8211; Deportivo Berazategui<\/p>\n<p>Agustina Leiva Roux &#8211; Berazategui<\/p>\n<p>Andrea Boquete &#8211; Baxi Ferrol, Espa\u00f1a<\/p>\n<p>Brenda Fontana &#8211; UTEP<\/p>\n<p>Camila Su\u00e1rez &#8211; Obras Sanitarias<\/p>\n<p>Candela Gentinetta &#8211; Deportivo Berazategui<\/p>\n<p>Celia Noem\u00ed Fiorotto &#8211; Sin club<\/p>\n<p>D\u00e9bora Gonz\u00e1lez &#8211; Basket Matelica, Italia<\/p>\n<p>Diana Cabrera &#8211; Os\u00e9s Construcci\u00f3n Ardoi<\/p>\n<p>Florencia Chagas &#8211; Empoli, Italia<\/p>\n<p>Gisel Beatriz Villarruel &#8211; Velconfin Vicenza, Italia<\/p>\n<p>Julieta Ale &#8211; V\u00e9lez Sarsfield<\/p>\n<p>Julieta Mungo &#8211; Baxi Ferrol, Espa\u00f1a<\/p>\n<p>Laila Raviolo &#8211; Club Deportivo Berazategui<\/p>\n<p>Luc\u00eda Operto &#8211; Murray State University (USA)<\/p>\n<p>Luciana Delabarba &#8211; Quimsa<\/p>\n<p>Macarena Durso &#8211; Club Baloncesto Almer\u00eda, Espa\u00f1a<\/p>\n<p>Macarena Rosset &#8211; Vigarano, Italia<\/p>\n<p>Mara Marchizotti &#8211; Cardiff Met Archers, Gales<\/p>\n<p>Mar\u00eda Victoria Fux &#8211; New Jersey Institute of Technology (NCAA)<\/p>\n<p>Melisa Paola Gretter &#8211; Movistar Estudiantes de Madrid<\/p>\n<p>Natacha Perez &#8211; Club Baloncesto Almer\u00eda<\/p>\n<p>Ornella Santana &#8211; CD Raca<\/p>\n<p>Sof\u00eda Acevedo &#8211; Club Atl\u00e9tico Lan\u00fas<\/p>\n<p>Sof\u00eda Aispur\u00faa &#8211; Thunder Basket, Italia<\/p>\n<p>Sof\u00eda Wolf &#8211; Club Deportivo Berazategui<\/p>\n<p>Sol Victoria Castro &#8211; Robert Morris University<\/p>\n<p>Victoria Gauna &#8211; Deportivo Berazategui\/ Bishop\u2019s Canad\u00e1 (2021)<\/p>\n<p>Victoria Llorente &#8211; Al-Qazeres<\/p>\n<p>Zulema Garc\u00eda Le\u00f3n &#8211; BFCT Cartagena<\/p>\n<\/div>\n<div class=\"itemBody\">\n<figure id=\"attachment_22218\" aria-describedby=\"caption-attachment-22218\" style=\"width: 300px\" class=\"wp-caption alignnone\"><img loading=\"lazy\" decoding=\"async\" class=\"size-medium wp-image-22218\" src=\"https:\/\/todoapulmon-rafaela.com\/wp-content\/uploads\/2020\/08\/gisel-villarruel-300x225.jpg\" alt=\"Gisel Villarruel\" width=\"300\" height=\"225\" srcset=\"https:\/\/todoapulmon-rafaela.com\/wp-content\/uploads\/2020\/08\/gisel-villarruel-300x225.jpg 300w, https:\/\/todoapulmon-rafaela.com\/wp-content\/uploads\/2020\/08\/gisel-villarruel.jpg 512w\" sizes=\"(max-width: 300px) 100vw, 300px\" \/><figcaption id=\"caption-attachment-22218\" class=\"wp-caption-text\">Gisel Villarruel<\/figcaption><\/figure>\n<p><strong>PRESELECCION U18<\/strong><\/p>\n<p>Federica Del Bosco &#8211; 1\/8\/2003 &#8211; Campobasso, Italia<\/p>\n<p>Fiamma Yaciura &#8211; 26\/6\/2002 &#8211; Deportivo Berazategui<\/p>\n<p>G\u00e9nesis Toledano Aset &#8211; 28\/8\/2002 &#8211; Obras Sanitarias<\/p>\n<p>Georgina Buzzetti &#8211; 27\/3\/2003 &#8211; Club Atl\u00e9tico Lan\u00fas<\/p>\n<p>Gianella Fabregat &#8211; 6\/9\/2004 &#8211; Club San Miguel<\/p>\n<p>Giovanna Frattoni &#8211; 30\/1\/2002 &#8211; Frascati, Italia<\/p>\n<p>Giuliana Baccarelli &#8211; 22\/5\/2003 &#8211; Obras Sanitarias<\/p>\n<p>Iara Navarro &#8211; 23\/7\/2002 &#8211; Club Atl\u00e9tico Talleres<\/p>\n<p>Julia Paoletta &#8211; 5\/7\/2002 &#8211; Obras Sanitarias<\/p>\n<p>Kiana Ferreyra &#8211; 15\/2\/2003 &#8211; Sin club<\/p>\n<p>Lara Tribouley &#8211; 2\/1\/2004 &#8211; Libertad de Sunchales<\/p>\n<p>Lola Mar\u00eda Festa &#8211; 10\/6\/2003 &#8211; Club N\u00e1utico Sportivo Avellaneda<\/p>\n<p>Lucila Sampietro &#8211; 8\/9\/2003 &#8211; V\u00e9lez Sarsfield<\/p>\n<p>Luisina Gentile &#8211; 30\/11\/2004 &#8211; Petroleros YPF<\/p>\n<p>Mar\u00eda Agustina Baz\u00e1n &#8211; 7\/10\/2003 &#8211; Ben Hur de Rosario<\/p>\n<p>Magal\u00ed Vilches &#8211; 1\/6\/2002 &#8211; Centro Galicia<\/p>\n<p>Martina Torres &#8211; 3\/12\/2002 &#8211; Club Atl\u00e9tico Lan\u00fas<\/p>\n<p>Milagros Maza &#8211; 3\/3\/2003 &#8211; Libertad de Sunchales<\/p>\n<p>Natalia Tondi &#8211; 9\/3\/2003 &#8211; V\u00e9lez Sarsfield<\/p>\n<p>Natassja Kolff &#8211; 9\/16\/0004 &#8211; Centro Espa\u00f1ol de Plottier<\/p>\n<p>Oriana Bangert &#8211; 29\/10\/2002 &#8211; Centro Galicia<\/p>\n<p>Tiziana Valeria Huici &#8211; 28\/11\/2002 &#8211; Tom\u00e1s de Rocamora<\/p>\n<p>Valentina Gonz\u00e1lez &#8211; 14\/2\/2002 &#8211; Club Atl\u00e9tico Alba Argentina<\/p>\n<p>Victoria Michel &#8211; 8\/4\/2003 &#8211; Uni\u00f3n Florida<\/p>\n<\/div>\n<div class=\"itemBody\">\n<figure id=\"attachment_22219\" aria-describedby=\"caption-attachment-22219\" style=\"width: 300px\" class=\"wp-caption alignnone\"><img loading=\"lazy\" decoding=\"async\" class=\"size-medium wp-image-22219\" src=\"https:\/\/todoapulmon-rafaela.com\/wp-content\/uploads\/2020\/08\/Tribouley-y-Maza-300x225.jpg\" alt=\"Lara Tribouley y Milagros Maza (Foto Libertadsunchales.com.ar).\" width=\"300\" height=\"225\" srcset=\"https:\/\/todoapulmon-rafaela.com\/wp-content\/uploads\/2020\/08\/Tribouley-y-Maza-300x225.jpg 300w, https:\/\/todoapulmon-rafaela.com\/wp-content\/uploads\/2020\/08\/Tribouley-y-Maza.jpg 800w\" sizes=\"(max-width: 300px) 100vw, 300px\" \/><figcaption id=\"caption-attachment-22219\" class=\"wp-caption-text\">Lara Tribouley y Milagros Maza (Foto Libertadsunchales.com.ar).<\/figcaption><\/figure>\n<p>Agustina Mar\u00edn &#8211; 6\/1\/2003 &#8211; Obras Sanitarias<\/p>\n<p>Catalina de Giorgi &#8211; 6\/5\/2003 &#8211; Centro Galicia<\/p>\n<p>Catalina G\u00f3mez Bull &#8211; 17\/9\/2002 &#8211; Club San Miguel R\u00edo Gallegos<\/p>\n<p>Correas Catalina Yazm\u00edn &#8211; 30\/6\/2002 &#8211; Uni\u00f3n Florida<\/p>\n<p>Dana Bord\u00edn &#8211; 15\/7\/2004 &#8211; Pac\u00edfico<\/p>\n<p>Delfina Saravia &#8211; 19\/5\/2003 &#8211; Uni\u00f3n Florida.<\/p>\n<p>Fuente: prensa CABB.<\/p>\n<\/div>\n<div class=\"gridPhotoGallery-container\"><\/div>\n","protected":false},"excerpt":{"rendered":"<p>Melisa Gretter (ex jugadora de Ben Hur y actualmente en Estudiantes de Madrid), Candela Gentinetta (ex Ben Hur y ahora<\/p>\n","protected":false},"author":2,"featured_media":22222,"comment_status":"open","ping_status":"open","sticky":false,"template":"","format":"standard","meta":{"footnotes":""},"categories":[5,24],"tags":[],"class_list":["post-22216","post","type-post","status-publish","format-standard","has-post-thumbnail","hentry","category-basquet","category-noticias-destacadas"],"cc_featured_image_caption":{"caption_text":"Meli Gretter, emblema de las actuales Gigantes y que se encuentra en Espa\u00f1a.","source_text":"","source_url":""},"_links":{"self":[{"href":"https:\/\/todoapulmon-rafaela.com\/index.php\/wp-json\/wp\/v2\/posts\/22216"}],"collection":[{"href":"https:\/\/todoapulmon-rafaela.com\/index.php\/wp-json\/wp\/v2\/posts"}],"about":[{"href":"https:\/\/todoapulmon-rafaela.com\/index.php\/wp-json\/wp\/v2\/types\/post"}],"author":[{"embeddable":true,"href":"https:\/\/todoapulmon-rafaela.com\/index.php\/wp-json\/wp\/v2\/users\/2"}],"replies":[{"embeddable":true,"href":"https:\/\/todoapulmon-rafaela.com\/index.php\/wp-json\/wp\/v2\/comments?post=22216"}],"version-history":[{"count":4,"href":"https:\/\/todoapulmon-rafaela.com\/index.php\/wp-json\/wp\/v2\/posts\/22216\/revisions"}],"predecessor-version":[{"id":22226,"href":"https:\/\/todoapulmon-rafaela.com\/index.php\/wp-json\/wp\/v2\/posts\/22216\/revisions\/22226"}],"wp:featuredmedia":[{"embeddable":true,"href":"https:\/\/todoapulmon-rafaela.com\/index.php\/wp-json\/wp\/v2\/media\/22222"}],"wp:attachment":[{"href":"https:\/\/todoapulmon-rafaela.com\/index.php\/wp-json\/wp\/v2\/media?parent=22216"}],"wp:term":[{"taxonomy":"category","embeddable":true,"href":"https:\/\/todoapulmon-rafaela.com\/index.php\/wp-json\/wp\/v2\/categories?post=22216"},{"taxonomy":"post_tag","embeddable":true,"href":"https:\/\/todoapulmon-rafaela.com\/index.php\/wp-json\/wp\/v2\/tags?post=22216"}],"curies":[{"name":"wp","href":"https:\/\/api.w.org\/{rel}","templated":true}]}}