{"id":22194,"date":"2020-08-18T18:10:56","date_gmt":"2020-08-18T18:10:56","guid":{"rendered":"https:\/\/todoapulmon-rafaela.com\/?p=22194"},"modified":"2020-08-18T18:10:56","modified_gmt":"2020-08-18T18:10:56","slug":"nuestra-responsabilidad-social-es-la-llave-para-evitar-la-propagacion-del-virus","status":"publish","type":"post","link":"https:\/\/todoapulmon-rafaela.com\/index.php\/2020\/08\/18\/nuestra-responsabilidad-social-es-la-llave-para-evitar-la-propagacion-del-virus\/","title":{"rendered":"Nuestra responsabilidad social es la llave para evitar la propagaci\u00f3n del virus"},"content":{"rendered":"<p>El intendente Luis Castellano brind\u00f3 esta ma\u00f1ana una conferencia de prensa, junto a la integrante del equipo de Coordinaci\u00f3n Epidemiol\u00f3gica de la Regi\u00f3n 2 Salud de la Provincia de Santa Fe, Sandra Capello, y el subsecretario de Salud municipal, Mart\u00edn Racca, para referirse al rol fundamental que les cabe a los ciudadanos en respetar todas las medidas preventivas sanitarias para no caer en un episodio como el que desencaden\u00f3 un nuevo caso positivo por COVID-19 en nuestra ciudad.<\/p>\n<p>El titular del Ejecutivo pidi\u00f3 que \u201cm\u00e1s que nunca se use el barbijo, se mantenga distancia, se respeten los decretos. No queremos retroceder de fase. Hoy tenemos alerta naranja\u201d, dijo en una rueda de prensa realizada en el Sal\u00f3n Verde de la Municipalidad de Rafaela.<\/p>\n<p>Despu\u00e9s de casi 120 d\u00edas sin casos, Rafaela tiene, nuevamente, personas infectadas con coronavirus. Aqu\u00ed debemos reflexionar sobre el valor que toma nuestra vida y la salud, pero tambi\u00e9n la econom\u00eda, la cual se ve afectada por las consecuencias de la inconducta de una persona que no cumpli\u00f3 con los protocolos ni se sincer\u00f3 ante la consulta del equipo m\u00e9dico.<\/p>\n<p>La consecuencia de su acto provoc\u00f3 que 14 contactos se encuentren aislados, 5 empresas cerradas y, aproximadamente, 200 personas no puedan acudir a sus puestos laborales.<\/p>\n<p>En referencia al tema, Mart\u00edn Racca, se\u00f1al\u00f3 que \u201capelamos a responsabilidad individual. Necesitamos la verdad porque nuestro trabajo se basa en eso\u201d.<\/p>\n<p>En nuestra ciudad el 85 por ciento de las actividades productivas est\u00e1 en marcha, pero hay algunas que a\u00fan no pudieron volver a trabajar. Todos tenemos un compromiso con ellos y eso solo ser\u00e1 posible si nos cuidamos entre todos.<\/p>\n","protected":false},"excerpt":{"rendered":"<p>El intendente Luis Castellano brind\u00f3 esta ma\u00f1ana una conferencia de prensa, junto a la integrante del equipo de Coordinaci\u00f3n Epidemiol\u00f3gica<\/p>\n","protected":false},"author":2,"featured_media":22195,"comment_status":"open","ping_status":"open","sticky":false,"template":"","format":"standard","meta":{"footnotes":""},"categories":[1],"tags":[],"class_list":["post-22194","post","type-post","status-publish","format-standard","has-post-thumbnail","hentry","category-sin-categoria"],"cc_featured_image_caption":{"caption_text":"Foto Prensa Municipalidad","source_text":"","source_url":""},"_links":{"self":[{"href":"https:\/\/todoapulmon-rafaela.com\/index.php\/wp-json\/wp\/v2\/posts\/22194"}],"collection":[{"href":"https:\/\/todoapulmon-rafaela.com\/index.php\/wp-json\/wp\/v2\/posts"}],"about":[{"href":"https:\/\/todoapulmon-rafaela.com\/index.php\/wp-json\/wp\/v2\/types\/post"}],"author":[{"embeddable":true,"href":"https:\/\/todoapulmon-rafaela.com\/index.php\/wp-json\/wp\/v2\/users\/2"}],"replies":[{"embeddable":true,"href":"https:\/\/todoapulmon-rafaela.com\/index.php\/wp-json\/wp\/v2\/comments?post=22194"}],"version-history":[{"count":1,"href":"https:\/\/todoapulmon-rafaela.com\/index.php\/wp-json\/wp\/v2\/posts\/22194\/revisions"}],"predecessor-version":[{"id":22196,"href":"https:\/\/todoapulmon-rafaela.com\/index.php\/wp-json\/wp\/v2\/posts\/22194\/revisions\/22196"}],"wp:featuredmedia":[{"embeddable":true,"href":"https:\/\/todoapulmon-rafaela.com\/index.php\/wp-json\/wp\/v2\/media\/22195"}],"wp:attachment":[{"href":"https:\/\/todoapulmon-rafaela.com\/index.php\/wp-json\/wp\/v2\/media?parent=22194"}],"wp:term":[{"taxonomy":"category","embeddable":true,"href":"https:\/\/todoapulmon-rafaela.com\/index.php\/wp-json\/wp\/v2\/categories?post=22194"},{"taxonomy":"post_tag","embeddable":true,"href":"https:\/\/todoapulmon-rafaela.com\/index.php\/wp-json\/wp\/v2\/tags?post=22194"}],"curies":[{"name":"wp","href":"https:\/\/api.w.org\/{rel}","templated":true}]}}