{"id":22184,"date":"2020-08-15T17:32:27","date_gmt":"2020-08-15T17:32:27","guid":{"rendered":"https:\/\/todoapulmon-rafaela.com\/?p=22184"},"modified":"2020-08-15T17:32:27","modified_gmt":"2020-08-15T17:32:27","slug":"espectacular-accidente-de-una-figura-del-ciclismo-mundial","status":"publish","type":"post","link":"https:\/\/todoapulmon-rafaela.com\/index.php\/2020\/08\/15\/espectacular-accidente-de-una-figura-del-ciclismo-mundial\/","title":{"rendered":"Espectacular accidente de una figura del ciclismo mundial"},"content":{"rendered":"<p>Im\u00e1genes que ponen los pelos de punta en el tramo final del Giro de Lombard\u00eda. Lamentablemente, el susto lo volvi\u00f3 a dar un corredor del Deceuninck, como sucediera en el pasado Tour de Polonia con Fabio Jakobsen. En esta ocasi\u00f3n fue Remco Evenepoel, en su debut en uno de los monumentos del ciclismo, quien sufri\u00f3 una terrible ca\u00edda en los \u00faltimos kil\u00f3metros de la carrera cuando se encontraba en el grupo de los favoritos.<\/p>\n<blockquote class=\"twitter-tweet\" data-width=\"550\">\n<p lang=\"es\" dir=\"ltr\">?Escalofriante ca\u00edda de Remco Evenepoel en el Giro de Lombard\u00eda! ?? <a href=\"https:\/\/twitter.com\/hashtag\/iLombardia?src=hash&amp;ref_src=twsrc%5Etfw\">#iLombardia<\/a> <a href=\"https:\/\/twitter.com\/hashtag\/ciclismo?src=hash&amp;ref_src=twsrc%5Etfw\">#ciclismo<\/a> <a href=\"https:\/\/twitter.com\/hashtag\/cycling?src=hash&amp;ref_src=twsrc%5Etfw\">#cycling<\/a> <a href=\"https:\/\/t.co\/DxfmUVn4Ax\">pic.twitter.com\/DxfmUVn4Ax<\/a><\/p>\n<p>&mdash; NotiCiclismo (@Noticiclismo1) <a href=\"https:\/\/twitter.com\/Noticiclismo1\/status\/1294651181327962123?ref_src=twsrc%5Etfw\">August 15, 2020<\/a><\/p><\/blockquote>\n<p><script async src=\"https:\/\/platform.twitter.com\/widgets.js\" charset=\"utf-8\"><\/script><br \/>\nEl belga choc\u00f3 de cabeza contra el saliente de un muro de piedra que formaba parte de un puente, perdiendo el control de su bicicleta y precipit\u00e1ndose al vac\u00edo (unos 5 metros) en una zona boscosa. Por el momento, el conjunto de Patrick Lefevere inform\u00f3 en sus redes sociales que actualizar\u00eda el estado de su corredor a la mayor brevedad posible, pero tal y como comunic\u00f3 la propia organizaci\u00f3n de la carrera, Remco se encontraba consciente y fue trasladado en ambulancia, inmovilizado y con un collar\u00edn, al hospital de Como, donde se iniciaron los ex\u00e1menes m\u00e9dicos.<br \/>\nDavide Bramati, su director en el Deceuninck, tranquiliz\u00f3 en la RAI: \u00abTras una primera exploraci\u00f3n, parece que tiene un fuerte golpe en la pierna\u00bb. Minutos m\u00e1s tarde de la conclusi\u00f3n de la carrera, La Gazzetta dello Sport aseguraba que Evenepoel presentaba m\u00faltiples magulladores a causa del golpe, pero sin ninguna fractura.<br \/>\nEn cuanto a lo deportivo, que qued\u00f3 empa\u00f1ado por la preocupaci\u00f3n producida por estos sucedos, cabe se\u00f1alar que la carrera fue fren\u00e9tica desde el banderazo de salida. Ning\u00fan equipo guard\u00f3 nada y eso propici\u00f3 que la fuga tardase casi 1 hora en conformarse, con once hombres que abrieron hueco a partir del km 40 de la carrera. A 50 km\/h de promedio se rod\u00f3 en la primera hora.<\/p>\n<figure id=\"attachment_22186\" aria-describedby=\"caption-attachment-22186\" style=\"width: 300px\" class=\"wp-caption alignnone\"><img loading=\"lazy\" decoding=\"async\" class=\"size-medium wp-image-22186\" src=\"https:\/\/todoapulmon-rafaela.com\/wp-content\/uploads\/2020\/08\/Remco1-300x225.jpg\" alt=\"Siendo trasladado (foto AFP).\" width=\"300\" height=\"225\" srcset=\"https:\/\/todoapulmon-rafaela.com\/wp-content\/uploads\/2020\/08\/Remco1-300x225.jpg 300w, https:\/\/todoapulmon-rafaela.com\/wp-content\/uploads\/2020\/08\/Remco1.jpg 1200w\" sizes=\"(max-width: 300px) 100vw, 300px\" \/><figcaption id=\"caption-attachment-22186\" class=\"wp-caption-text\">Siendo trasladado (foto AFP).<\/figcaption><\/figure>\n<p>Resultados<\/p>\n<p>1\u00ba Jakob Fuglsang (DIN, Astana), 5:32:54<br \/>\n2\u00ba George Bennett (NZe, Jumbo), a 31&#8243;<br \/>\n3\u00ba Aleksandr Vlasov (RUS, Astana), a 51&#8243;<br \/>\n4\u00ba Bauke Mollema (PBa, Trek), a 1:19<br \/>\n5\u00ba Giulio Ciccone (ITA, Trek), a 1:40.<br \/>\nFuente: Diario As.<\/p>\n","protected":false},"excerpt":{"rendered":"<p>Im\u00e1genes que ponen los pelos de punta en el tramo final del Giro de Lombard\u00eda. Lamentablemente, el susto lo volvi\u00f3<\/p>\n","protected":false},"author":2,"featured_media":22185,"comment_status":"open","ping_status":"open","sticky":false,"template":"","format":"standard","meta":{"footnotes":""},"categories":[4],"tags":[],"class_list":["post-22184","post","type-post","status-publish","format-standard","has-post-thumbnail","hentry","category-ciclismo"],"cc_featured_image_caption":{"caption_text":"Momento en que el belga Remco Evenepoel es asistido (Foto AFP).","source_text":"","source_url":""},"_links":{"self":[{"href":"https:\/\/todoapulmon-rafaela.com\/index.php\/wp-json\/wp\/v2\/posts\/22184"}],"collection":[{"href":"https:\/\/todoapulmon-rafaela.com\/index.php\/wp-json\/wp\/v2\/posts"}],"about":[{"href":"https:\/\/todoapulmon-rafaela.com\/index.php\/wp-json\/wp\/v2\/types\/post"}],"author":[{"embeddable":true,"href":"https:\/\/todoapulmon-rafaela.com\/index.php\/wp-json\/wp\/v2\/users\/2"}],"replies":[{"embeddable":true,"href":"https:\/\/todoapulmon-rafaela.com\/index.php\/wp-json\/wp\/v2\/comments?post=22184"}],"version-history":[{"count":1,"href":"https:\/\/todoapulmon-rafaela.com\/index.php\/wp-json\/wp\/v2\/posts\/22184\/revisions"}],"predecessor-version":[{"id":22187,"href":"https:\/\/todoapulmon-rafaela.com\/index.php\/wp-json\/wp\/v2\/posts\/22184\/revisions\/22187"}],"wp:featuredmedia":[{"embeddable":true,"href":"https:\/\/todoapulmon-rafaela.com\/index.php\/wp-json\/wp\/v2\/media\/22185"}],"wp:attachment":[{"href":"https:\/\/todoapulmon-rafaela.com\/index.php\/wp-json\/wp\/v2\/media?parent=22184"}],"wp:term":[{"taxonomy":"category","embeddable":true,"href":"https:\/\/todoapulmon-rafaela.com\/index.php\/wp-json\/wp\/v2\/categories?post=22184"},{"taxonomy":"post_tag","embeddable":true,"href":"https:\/\/todoapulmon-rafaela.com\/index.php\/wp-json\/wp\/v2\/tags?post=22184"}],"curies":[{"name":"wp","href":"https:\/\/api.w.org\/{rel}","templated":true}]}}