{"id":22174,"date":"2020-08-15T14:28:42","date_gmt":"2020-08-15T14:28:42","guid":{"rendered":"https:\/\/todoapulmon-rafaela.com\/?p=22174"},"modified":"2020-08-15T14:28:42","modified_gmt":"2020-08-15T14:28:42","slug":"ante-el-aumento-de-casos-en-la-provincia-se-solicita-extremar-cuidados","status":"publish","type":"post","link":"https:\/\/todoapulmon-rafaela.com\/index.php\/2020\/08\/15\/ante-el-aumento-de-casos-en-la-provincia-se-solicita-extremar-cuidados\/","title":{"rendered":"Ante el aumento de casos en la provincia, se solicita extremar cuidados"},"content":{"rendered":"<div id=\"m_-68426903828198371414620ecdf-7bf8-4efa-b8cf-29d5bcf4d840\"><\/div>\n<div id=\"m_-68426903828198371414620ecdf-7bf8-4efa-b8cf-29d5bcf4d840\">El mapa epidemiol\u00f3gico del territorio provincial es cada vez m\u00e1s complejo. El jueves 13 de agosto, 27 localidades registraron casos de COVID-19, a 167 personas el hisopado les dio un resultado positivo y tres fallecieron. Ayer, tambi\u00e9n se conocieron dos enfermos en Esperanza y 25 personas aisladas, ciudad que se ubica a solo 60 kil\u00f3metros de Rafaela.<\/div>\n<div id=\"m_-68426903828198371414620ecdf-7bf8-4efa-b8cf-29d5bcf4d840\">Este viernes, el presidente Alberto Fern\u00e1ndez anunci\u00f3 la extensi\u00f3n de la cuarentena por 15 d\u00edas y pidi\u00f3 ser m\u00e1s prudentes que nunca en los cuidados. La circulaci\u00f3n viral hoy est\u00e1 en 14 provincias, entre las que se encuentra incluida Santa Fe, por la realidad que atraviesan Rosario, Gran Rosario y Casilda.<\/div>\n<div id=\"m_-68426903828198371414620ecdf-7bf8-4efa-b8cf-29d5bcf4d840\">El virus se siente m\u00e1s cerca. Este contexto aumenta los riesgos de contraer la enfermedad, m\u00e1s all\u00e1 de que nos encontremos en una situaci\u00f3n privilegiada, pero sin garant\u00edas. La mayor\u00eda de las actividades econ\u00f3micas est\u00e1n en marcha, con viajantes que entran y salen hacia distintos puntos del pa\u00eds.<\/div>\n<div id=\"m_-68426903828198371414620ecdf-7bf8-4efa-b8cf-29d5bcf4d840\">El compromiso ciudadano es clave para atravesar este momento cr\u00edtico de la pandemia. Es por eso que se debe continuar respetando las recomendaciones brindadas por los diversos organismos de salud.<\/div>\n<div id=\"m_-68426903828198371414620ecdf-7bf8-4efa-b8cf-29d5bcf4d840\">En este sentido, el lavado permanente de manos, el uso obligatorio del barbijo y mantener el distanciamiento social son las principales medidas. Tambi\u00e9n es importante evitar llevarse las manos a la cara despu\u00e9s de tocar superficies.\u00a0Adem\u00e1s, es conveniente desinfectar, de manera constante, las superficies que se ocupan tanto en la casa como en el trabajo.<\/div>\n<div id=\"m_-68426903828198371414620ecdf-7bf8-4efa-b8cf-29d5bcf4d840\">Por otro lado, se recomienda evitar los viajes si no se desarrollan actividades esenciales. Cuando menos circulaci\u00f3n de personas y veh\u00edculos haya, la probabilidad de circulaci\u00f3n del virus disminuye.<\/div>\n<div id=\"m_-68426903828198371414620ecdf-7bf8-4efa-b8cf-29d5bcf4d840\">En caso de sospecha frente a alg\u00fan s\u00edntoma, permanecer en casa y llamar al m\u00e9dico, profesional de salud o n\u00famero gratuito de la provincia (0800 \u2013 555 \u2013 6549). Esto asegurar\u00e1 recibir el asesoramiento correcto para dirigirse al centro de salud adecuado y evitar infectar a otros.<\/div>\n","protected":false},"excerpt":{"rendered":"<p>El mapa epidemiol\u00f3gico del territorio provincial es cada vez m\u00e1s complejo. El jueves 13 de agosto, 27 localidades registraron casos<\/p>\n","protected":false},"author":2,"featured_media":22177,"comment_status":"open","ping_status":"open","sticky":false,"template":"","format":"standard","meta":{"footnotes":""},"categories":[24],"tags":[],"class_list":["post-22174","post","type-post","status-publish","format-standard","has-post-thumbnail","hentry","category-noticias-destacadas"],"cc_featured_image_caption":{"caption_text":"","source_text":"","source_url":""},"_links":{"self":[{"href":"https:\/\/todoapulmon-rafaela.com\/index.php\/wp-json\/wp\/v2\/posts\/22174"}],"collection":[{"href":"https:\/\/todoapulmon-rafaela.com\/index.php\/wp-json\/wp\/v2\/posts"}],"about":[{"href":"https:\/\/todoapulmon-rafaela.com\/index.php\/wp-json\/wp\/v2\/types\/post"}],"author":[{"embeddable":true,"href":"https:\/\/todoapulmon-rafaela.com\/index.php\/wp-json\/wp\/v2\/users\/2"}],"replies":[{"embeddable":true,"href":"https:\/\/todoapulmon-rafaela.com\/index.php\/wp-json\/wp\/v2\/comments?post=22174"}],"version-history":[{"count":1,"href":"https:\/\/todoapulmon-rafaela.com\/index.php\/wp-json\/wp\/v2\/posts\/22174\/revisions"}],"predecessor-version":[{"id":22175,"href":"https:\/\/todoapulmon-rafaela.com\/index.php\/wp-json\/wp\/v2\/posts\/22174\/revisions\/22175"}],"wp:featuredmedia":[{"embeddable":true,"href":"https:\/\/todoapulmon-rafaela.com\/index.php\/wp-json\/wp\/v2\/media\/22177"}],"wp:attachment":[{"href":"https:\/\/todoapulmon-rafaela.com\/index.php\/wp-json\/wp\/v2\/media?parent=22174"}],"wp:term":[{"taxonomy":"category","embeddable":true,"href":"https:\/\/todoapulmon-rafaela.com\/index.php\/wp-json\/wp\/v2\/categories?post=22174"},{"taxonomy":"post_tag","embeddable":true,"href":"https:\/\/todoapulmon-rafaela.com\/index.php\/wp-json\/wp\/v2\/tags?post=22174"}],"curies":[{"name":"wp","href":"https:\/\/api.w.org\/{rel}","templated":true}]}}