{"id":22159,"date":"2020-08-13T21:00:08","date_gmt":"2020-08-13T21:00:08","guid":{"rendered":"https:\/\/todoapulmon-rafaela.com\/?p=22159"},"modified":"2020-08-13T21:06:15","modified_gmt":"2020-08-13T21:06:15","slug":"comenzaron-a-entrenar-los-pumas-sin-contacto","status":"publish","type":"post","link":"https:\/\/todoapulmon-rafaela.com\/index.php\/2020\/08\/13\/comenzaron-a-entrenar-los-pumas-sin-contacto\/","title":{"rendered":"Comenzaron a entrenar Los Pumas, sin contacto"},"content":{"rendered":"<p>Los Pumas retornaron a los entrenamientos luego del largo receso por la pandemia de coronavirus, aunque el manager deportivo del elenco albiceleste, Marcelo Loffreda, resalt\u00f3 que \u00abno es una situaci\u00f3n del todo feliz\u00bb por las medidas sanitarias que impiden llevar a cabo los trabajos con normalidad. \u00abNos impide realizar ejercicios de contacto y en este deporte se necesita de ese juego. Lidiamos con una vor\u00e1gine de situaciones, hubo que sacar permisos y ver la contrataci\u00f3n de los jugadores para poder volver\u00bb, se\u00f1al\u00f3 Loffreda en declaraciones radiales.<br \/>\nLos entrenamientos se desarrollaron en Casa Pumas, el predio donde entrena la Uni\u00f3n Argentina de Rugby (UAR). Divididos en grupos, los primeros nueve tests que se hicieron a los jugadores, con resultados a disposici\u00f3n en un estimado de 15 minutos, dieron todos negativos y no se encontraron anticuerpos que indicaran contacto con coronavirus. El rafaelino Mayco Vivas form\u00f3 parte del primer grupo que trabaj\u00f3 por la ma\u00f1ana.<\/p>\n<p><img loading=\"lazy\" decoding=\"async\" class=\"alignnone size-medium wp-image-22163\" src=\"https:\/\/todoapulmon-rafaela.com\/wp-content\/uploads\/2020\/08\/Gimnasio-pumas-300x225.jpeg\" alt=\"Gimnasio pumas\" width=\"300\" height=\"225\" srcset=\"https:\/\/todoapulmon-rafaela.com\/wp-content\/uploads\/2020\/08\/Gimnasio-pumas-300x225.jpeg 300w, https:\/\/todoapulmon-rafaela.com\/wp-content\/uploads\/2020\/08\/Gimnasio-pumas.jpeg 1280w\" sizes=\"(max-width: 300px) 100vw, 300px\" \/><br \/>\nPara todos los jugadores, la rutina -de lunes a viernes- ser\u00e1 la misma: testeo, control de temperatura al ingreso y consulta de s\u00edntomas. Se mantendr\u00e1n, adem\u00e1s, los cuidados de higiene y se mantendr\u00e1 el distanciamiento en el trabajo.<br \/>\nLos Pumas comenzaron su preparaci\u00f3n con la mira puesta en el Championship, certamen que se llevar\u00eda a cabo entre el 7 de noviembre y el 12 de diciembre en Nueva Zelanda y en el cual participar\u00e1n adem\u00e1s los All Blacks, Australia y Sud\u00e1frica.<br \/>\n\u00abTomamos al Rugby Championship como un desaf\u00edo y es una linda oportunidad para volver a la competencia, pero la realidad es que en relaci\u00f3n a otros pa\u00edses estamos en desventaja. No nos asustamos ni mucho menos, sabemos que ser\u00e1 un desaf\u00edo y nos vamos a preparar de la mejor manera\u00bb, agreg\u00f3 el manager deportivo.<br \/>\nLa lista de jugadores citados por el Head Coach Mario Ledesma es la siguiente:\u00a0<strong>Mayco Vivas<\/strong>, Nahuel Tetaz Chaparro, Federico Wegrzyn, Juli\u00e1n Montoya, Santiago Socino, Ignacio Ru\u00edz, Jos\u00e9 luis Gonz\u00e1lez, Santiago Medrano, Joel Sclavi, Lucio Sordoni, Juan Pablo Zeiss, Lucas Paulos, Ignacio Calas, Rodrigo Fern\u00e1ndez Criado, Marcelo Toledo Valentini, Lucas Bur, Rodrigo Bruni, Tom\u00e1s Lezana y Javier Ortega Desio. Tambi\u00e9n fueron convocados: Francisco Gorrisen, Santiago Grondona, Santiago Montagner, Juan Bautista Pedemonte, Juan Mart\u00edn Gonz\u00e1lez, Joaqu\u00edn Oviedo, Tom\u00e1s Cubelli, Felipe Ezcurra, Gonzalo Bertranou, Gonzalo Garc\u00eda, Domingo Miotti, Joaqu\u00edn D\u00edaz Bonilla, Jer\u00f3nimo de la Fuente, Mat\u00edas Moroni, Juan Cruz Mall\u00eda, Mat\u00edas Orlando, Juan Pablo Castro, Santiago Chocobares, Lucio Cinti, Emiliano Boffelli, Santiago Carreras, Bautista Delguy, Sebasti\u00e1n Cancelliere, Mateo Carreras, Joaqu\u00edn Tuculet y Juan Bautista Daireaux.<br \/>\nEn tanto, la UAR indic\u00f3 que los convocados a la lista preliminar del pasado 23 de mayo que se encuentran en Europa, seguir\u00e1n con los entrenamientos de sus respectivos clubes y manteniendo la parte de monitoreo diario y de videollamadas junto al staff que dirige Mario Ledesma.<\/p>\n","protected":false},"excerpt":{"rendered":"<p>Los Pumas retornaron a los entrenamientos luego del largo receso por la pandemia de coronavirus, aunque el manager deportivo del<\/p>\n","protected":false},"author":2,"featured_media":22165,"comment_status":"open","ping_status":"open","sticky":false,"template":"","format":"standard","meta":{"footnotes":""},"categories":[24,2],"tags":[],"class_list":["post-22159","post","type-post","status-publish","format-standard","has-post-thumbnail","hentry","category-noticias-destacadas","category-rugby"],"cc_featured_image_caption":{"caption_text":"Mayco Vivas durante los tests. (Foto Los Pumas Twitter).","source_text":"","source_url":""},"_links":{"self":[{"href":"https:\/\/todoapulmon-rafaela.com\/index.php\/wp-json\/wp\/v2\/posts\/22159"}],"collection":[{"href":"https:\/\/todoapulmon-rafaela.com\/index.php\/wp-json\/wp\/v2\/posts"}],"about":[{"href":"https:\/\/todoapulmon-rafaela.com\/index.php\/wp-json\/wp\/v2\/types\/post"}],"author":[{"embeddable":true,"href":"https:\/\/todoapulmon-rafaela.com\/index.php\/wp-json\/wp\/v2\/users\/2"}],"replies":[{"embeddable":true,"href":"https:\/\/todoapulmon-rafaela.com\/index.php\/wp-json\/wp\/v2\/comments?post=22159"}],"version-history":[{"count":2,"href":"https:\/\/todoapulmon-rafaela.com\/index.php\/wp-json\/wp\/v2\/posts\/22159\/revisions"}],"predecessor-version":[{"id":22164,"href":"https:\/\/todoapulmon-rafaela.com\/index.php\/wp-json\/wp\/v2\/posts\/22159\/revisions\/22164"}],"wp:featuredmedia":[{"embeddable":true,"href":"https:\/\/todoapulmon-rafaela.com\/index.php\/wp-json\/wp\/v2\/media\/22165"}],"wp:attachment":[{"href":"https:\/\/todoapulmon-rafaela.com\/index.php\/wp-json\/wp\/v2\/media?parent=22159"}],"wp:term":[{"taxonomy":"category","embeddable":true,"href":"https:\/\/todoapulmon-rafaela.com\/index.php\/wp-json\/wp\/v2\/categories?post=22159"},{"taxonomy":"post_tag","embeddable":true,"href":"https:\/\/todoapulmon-rafaela.com\/index.php\/wp-json\/wp\/v2\/tags?post=22159"}],"curies":[{"name":"wp","href":"https:\/\/api.w.org\/{rel}","templated":true}]}}