{"id":22027,"date":"2020-07-29T13:42:35","date_gmt":"2020-07-29T13:42:35","guid":{"rendered":"https:\/\/todoapulmon-rafaela.com\/?p=22027"},"modified":"2020-07-29T13:53:07","modified_gmt":"2020-07-29T13:53:07","slug":"sergio-hernandez-seguira-dirigiendo-la-seleccion-argentina","status":"publish","type":"post","link":"https:\/\/todoapulmon-rafaela.com\/index.php\/2020\/07\/29\/sergio-hernandez-seguira-dirigiendo-la-seleccion-argentina\/","title":{"rendered":"Sergio Hern\u00e1ndez seguir\u00e1 dirigiendo la selecci\u00f3n argentina"},"content":{"rendered":"<p style=\"font-style: inherit;font-weight: inherit\"><span style=\"font-style: inherit;font-weight: inherit\"><span style=\"font-style: inherit;font-weight: inherit\">El actual entrenador del seleccionado nacional, Sergio Hern\u00e1ndez, arregl\u00f3 su continuidad y se mantendr\u00e1 al frente del plantel, seg\u00fan lo confirm\u00f3 el departamento de prensa de la CABB. De esta manera, el t\u00e9cnico nacido en Bah\u00eda Blanca disputar\u00e1 su tercer Juego Ol\u00edmpico.\u00a0\u00abMe da mucha felicidad y tranquilidad haber acordado la continuidad hasta Tokio 2021. Era algo que me ilusionaba que suceda y ahora que est\u00e1 de manera oficial lo puedo decir con mucha alegr\u00eda\u00bb, coment\u00f3 el bahiense.\u00a0<\/span><span style=\"font-style: inherit;font-weight: inherit\">\u00a0<\/span><\/span><\/p>\n<p style=\"font-style: inherit;font-weight: inherit\"><span style=\"font-style: inherit;font-weight: inherit\"><span style=\"font-style: inherit;font-weight: inherit\"><span style=\"font-style: inherit;font-weight: inherit\"><span style=\"font-style: inherit;font-weight: inherit\">A su vez, con respecto a la preparaci\u00f3n de cara al torneo internacional, Sergio se\u00f1al\u00f3: \u00abEl camino a un JJOO tiene algo diferente y m\u00e1s all\u00e1 que se hayan postergado para el a\u00f1o que viene, la idea sigue siendo siempre la misma, hacer una preparaci\u00f3n en Argentina y luego ir a buscar competencia del m\u00e1s alto nivel fuera del pa\u00eds. Tratando de que la preparaci\u00f3n sea lo suficientemente buena sin desgastar tanto al equipo, que es lo que siempre buscamos\u00bb.<\/span><\/span><span style=\"font-style: inherit;font-weight: inherit\">\u00a0<\/span><\/span><\/span><\/p>\n<p style=\"font-style: inherit;font-weight: inherit\"><span style=\"font-style: inherit;font-weight: inherit\"><span style=\"font-style: inherit;font-weight: inherit\"><span style=\"font-style: inherit;font-weight: inherit\"><span style=\"font-style: inherit;font-weight: inherit\">\u00abEl hecho que se haya atrasado un a\u00f1o poco altera la idea del plantel, los jugadores ser\u00e1n evaluados con la misma idea. Para ver el lado bueno, les dar\u00e1 m\u00e1s experiencia a jugadores m\u00e1s j\u00f3venes por el paso de un a\u00f1o. El\u00a0<\/span><\/span><span style=\"font-style: inherit;font-weight: inherit\"><span style=\"font-style: inherit;font-weight: inherit\">parate<\/span><\/span><span style=\"font-style: inherit;font-weight: inherit\"><span style=\"font-style: inherit;font-weight: inherit\">\u00a0de la pandemia afecta a todos por igual, no estaremos en desventaja con nadie\u00bb finaliz\u00f3 el entrenador argentino.<\/span><\/span><span style=\"font-style: inherit;font-weight: inherit\">\u00a0<\/span><\/span><\/span><\/p>\n<p style=\"font-style: inherit;font-weight: inherit\"><span style=\"font-style: inherit;font-weight: inherit\"><span style=\"font-style: inherit;font-weight: inherit\"><span style=\"font-style: inherit;font-weight: inherit\"><span style=\"font-style: inherit;font-weight: inherit\">Por otro lado, el presidente de la CABB, Fabi\u00e1n Borro, expres\u00f3: \u00abEstamos muy contentos de poder seguir el v\u00ednculo son Sergio y de esta manera cumplir el ciclo ol\u00edmpico\u00bb. Tambi\u00e9n hay que agregar que ya se confirmaron las fechas del certamen, y del 25 de julio al 7 de agosto de 2021 el seleccionado de b\u00e1squet masculino jugar\u00e1 en el Saitama Super Arena.<\/span><\/span><\/span><\/span><\/p>\n<p style=\"font-style: inherit;font-weight: inherit\">\u00a0<img loading=\"lazy\" decoding=\"async\" class=\"alignnone size-medium wp-image-21958\" src=\"https:\/\/todoapulmon-rafaela.com\/wp-content\/uploads\/2020\/07\/Tours-Bike-redes-249x300.jpg\" alt=\"Tours Bike redes\" width=\"249\" height=\"300\" srcset=\"https:\/\/todoapulmon-rafaela.com\/wp-content\/uploads\/2020\/07\/Tours-Bike-redes-249x300.jpg 249w, https:\/\/todoapulmon-rafaela.com\/wp-content\/uploads\/2020\/07\/Tours-Bike-redes.jpg 627w\" sizes=\"(max-width: 249px) 100vw, 249px\" \/><\/p>\n","protected":false},"excerpt":{"rendered":"<p>El actual entrenador del seleccionado nacional, Sergio Hern\u00e1ndez, arregl\u00f3 su continuidad y se mantendr\u00e1 al frente del plantel, seg\u00fan lo<\/p>\n","protected":false},"author":2,"featured_media":22028,"comment_status":"open","ping_status":"open","sticky":false,"template":"","format":"standard","meta":{"footnotes":""},"categories":[5],"tags":[],"class_list":["post-22027","post","type-post","status-publish","format-standard","has-post-thumbnail","hentry","category-basquet"],"cc_featured_image_caption":{"caption_text":"","source_text":"","source_url":""},"_links":{"self":[{"href":"https:\/\/todoapulmon-rafaela.com\/index.php\/wp-json\/wp\/v2\/posts\/22027"}],"collection":[{"href":"https:\/\/todoapulmon-rafaela.com\/index.php\/wp-json\/wp\/v2\/posts"}],"about":[{"href":"https:\/\/todoapulmon-rafaela.com\/index.php\/wp-json\/wp\/v2\/types\/post"}],"author":[{"embeddable":true,"href":"https:\/\/todoapulmon-rafaela.com\/index.php\/wp-json\/wp\/v2\/users\/2"}],"replies":[{"embeddable":true,"href":"https:\/\/todoapulmon-rafaela.com\/index.php\/wp-json\/wp\/v2\/comments?post=22027"}],"version-history":[{"count":4,"href":"https:\/\/todoapulmon-rafaela.com\/index.php\/wp-json\/wp\/v2\/posts\/22027\/revisions"}],"predecessor-version":[{"id":22032,"href":"https:\/\/todoapulmon-rafaela.com\/index.php\/wp-json\/wp\/v2\/posts\/22027\/revisions\/22032"}],"wp:featuredmedia":[{"embeddable":true,"href":"https:\/\/todoapulmon-rafaela.com\/index.php\/wp-json\/wp\/v2\/media\/22028"}],"wp:attachment":[{"href":"https:\/\/todoapulmon-rafaela.com\/index.php\/wp-json\/wp\/v2\/media?parent=22027"}],"wp:term":[{"taxonomy":"category","embeddable":true,"href":"https:\/\/todoapulmon-rafaela.com\/index.php\/wp-json\/wp\/v2\/categories?post=22027"},{"taxonomy":"post_tag","embeddable":true,"href":"https:\/\/todoapulmon-rafaela.com\/index.php\/wp-json\/wp\/v2\/tags?post=22027"}],"curies":[{"name":"wp","href":"https:\/\/api.w.org\/{rel}","templated":true}]}}