{"id":21949,"date":"2020-07-20T15:27:30","date_gmt":"2020-07-20T15:27:30","guid":{"rendered":"https:\/\/todoapulmon-rafaela.com\/?p=21949"},"modified":"2020-07-20T17:23:28","modified_gmt":"2020-07-20T17:23:28","slug":"se-pone-en-marcha-en-agosto-el-handball-en-quilmes","status":"publish","type":"post","link":"https:\/\/todoapulmon-rafaela.com\/index.php\/2020\/07\/20\/se-pone-en-marcha-en-agosto-el-handball-en-quilmes\/","title":{"rendered":"Se pone en marcha en agosto el handball en Quilmes"},"content":{"rendered":"<div>Durante el mes de agosto, donde estar\u00e1 cumpliendo sus 104 a\u00f1os de vida, el Club Atl\u00e9tico Argentino Quilmes sumar\u00e1 una nueva disciplina para brindar otra alternativa a socios y simpatizantes. Con el b\u00e1squet entrenando bajo el protocolo sanitario correspondiente debido al Covid 19, y con el f\u00fatbol aguardando la autorizaci\u00f3n de AFA para regresar, el Handball tendr\u00e1 su lugar en el club a partir del lunes 3 de agosto con el inicio de las pr\u00e1cticas.<\/div>\n<div>Las mismas estar\u00e1n a cargo de los profesores Guillermo Ram\u00edrez, Juan Diego Martin y Sergio Alegre, y mientras se aguarda que el Gobierno Provincial autorice los entrenamientos grupales, los mismos ser\u00e1n los d\u00edas lunes, mi\u00e9rcoles y viernes de 18,00 a 21,00 horas.<\/div>\n<div>Los interesados en sumarse pueden inscribirse en la secretar\u00eda del club los d\u00edas lunes, mi\u00e9rcoles y viernes de 17,00 a 19,00 horas, o en su defecto comunicarse mediante las redes sociales del club. Las categor\u00edas que comenzar\u00e1n las pr\u00e1cticas ser\u00e1n Menores (12-14 a\u00f1os); Cadetes (15-16); Juveniles (17-18) y Primera (19 en adelante).<\/div>\n<div>El Handball es una disciplina en pleno auge, que despu\u00e9s de las \u00faltimas actuaciones a nivel nacional crece y crece. La intenci\u00f3n es promover la disciplina y poder darle a los ni\u00f1os, j\u00f3venes y adultos un espacio de esparcimiento, donde puedan aprender, divertirse, generar h\u00e1bitos saludables, en lo que respecta la actividad f\u00edsica, la alimentaci\u00f3n e hidrataci\u00f3n. Tambi\u00e9n, inducir a las buenas conductas, el compa\u00f1erismo, el trabajo en equipo, reforzar valores, el respeto hacia los dem\u00e1s y a respetarse uno mismo.<\/div>\n<div>El objetivo de la instituci\u00f3n, la primera en desarrollar la disciplina a nivel de clubes (los mencionados profes estuvieron trabajando con estos grupos anteriormente en el CEF 53), es el de participar en la competencia de la Asociaci\u00f3n Santafesina, la cual est\u00e1 afiliada a la Confederaci\u00f3n Argentina, abarcando la regi\u00f3n centro-norte de la provincia y parte de la costa oeste de Entre R\u00edos.<\/div>\n<div><img loading=\"lazy\" decoding=\"async\" class=\"alignnone size-medium wp-image-21464\" src=\"https:\/\/todoapulmon-rafaela.com\/wp-content\/uploads\/2020\/06\/Capsula-mayo-2020-300x240.jpg\" alt=\"Capsula mayo 2020\" width=\"300\" height=\"240\" srcset=\"https:\/\/todoapulmon-rafaela.com\/wp-content\/uploads\/2020\/06\/Capsula-mayo-2020-300x240.jpg 300w, https:\/\/todoapulmon-rafaela.com\/wp-content\/uploads\/2020\/06\/Capsula-mayo-2020.jpg 1117w\" sizes=\"(max-width: 300px) 100vw, 300px\" \/><\/div>\n","protected":false},"excerpt":{"rendered":"<p>Durante el mes de agosto, donde estar\u00e1 cumpliendo sus 104 a\u00f1os de vida, el Club Atl\u00e9tico Argentino Quilmes sumar\u00e1 una<\/p>\n","protected":false},"author":2,"featured_media":21950,"comment_status":"open","ping_status":"open","sticky":false,"template":"","format":"standard","meta":{"footnotes":""},"categories":[24],"tags":[],"class_list":["post-21949","post","type-post","status-publish","format-standard","has-post-thumbnail","hentry","category-noticias-destacadas"],"cc_featured_image_caption":{"caption_text":"Sergio Alegre, Guillermo Ram\u00edrez y Juan Diego Mart\u00edn (Foto prensa Quilmes).","source_text":"","source_url":""},"_links":{"self":[{"href":"https:\/\/todoapulmon-rafaela.com\/index.php\/wp-json\/wp\/v2\/posts\/21949"}],"collection":[{"href":"https:\/\/todoapulmon-rafaela.com\/index.php\/wp-json\/wp\/v2\/posts"}],"about":[{"href":"https:\/\/todoapulmon-rafaela.com\/index.php\/wp-json\/wp\/v2\/types\/post"}],"author":[{"embeddable":true,"href":"https:\/\/todoapulmon-rafaela.com\/index.php\/wp-json\/wp\/v2\/users\/2"}],"replies":[{"embeddable":true,"href":"https:\/\/todoapulmon-rafaela.com\/index.php\/wp-json\/wp\/v2\/comments?post=21949"}],"version-history":[{"count":2,"href":"https:\/\/todoapulmon-rafaela.com\/index.php\/wp-json\/wp\/v2\/posts\/21949\/revisions"}],"predecessor-version":[{"id":21955,"href":"https:\/\/todoapulmon-rafaela.com\/index.php\/wp-json\/wp\/v2\/posts\/21949\/revisions\/21955"}],"wp:featuredmedia":[{"embeddable":true,"href":"https:\/\/todoapulmon-rafaela.com\/index.php\/wp-json\/wp\/v2\/media\/21950"}],"wp:attachment":[{"href":"https:\/\/todoapulmon-rafaela.com\/index.php\/wp-json\/wp\/v2\/media?parent=21949"}],"wp:term":[{"taxonomy":"category","embeddable":true,"href":"https:\/\/todoapulmon-rafaela.com\/index.php\/wp-json\/wp\/v2\/categories?post=21949"},{"taxonomy":"post_tag","embeddable":true,"href":"https:\/\/todoapulmon-rafaela.com\/index.php\/wp-json\/wp\/v2\/tags?post=21949"}],"curies":[{"name":"wp","href":"https:\/\/api.w.org\/{rel}","templated":true}]}}