{"id":21942,"date":"2020-07-18T15:12:35","date_gmt":"2020-07-18T15:12:35","guid":{"rendered":"https:\/\/todoapulmon-rafaela.com\/?p=21942"},"modified":"2020-07-18T15:12:35","modified_gmt":"2020-07-18T15:12:35","slug":"faber-no-continuara-en-atletico","status":"publish","type":"post","link":"https:\/\/todoapulmon-rafaela.com\/index.php\/2020\/07\/18\/faber-no-continuara-en-atletico\/","title":{"rendered":"Faber no continuar\u00e1 en Atl\u00e9tico"},"content":{"rendered":"<p>A trav\u00e9s de una publicaci\u00f3n en sus redes sociales, el p\u00edvot Jonatan Faber anunci\u00f3 que no seguir\u00e1 jugando en Atl\u00e9tico de Rafaela una vez que se pueda retomar la competencia basquetbol\u00edstica.<\/p>\n<p>\u00abSiempre m\u00ed recuerdo ser\u00e1 \u00e9ste. Un gran grupo de personas, un equipo hermoso, cuerpo t\u00e9cnico, preparador f\u00edsico y kinesi\u00f3logo con un sentido de COMPROMISO pocas veces visto. Eso y el trabajo nos llev\u00f3 todo el tiempo a mejorar.<br \/>\nLamentablemente, y lo digo con 15 a\u00f1os de experiencia como PROFESIONAL, conformando seleccionados, recorriendo el pa\u00eds de punta a punta y con paso por el exterior, a veces existen personas que da\u00f1an con su forma de actuar y con ataques de verborragia y falta de humildad destrozan resultados que llevaron a\u00f1os lograr. Que nunca primen estos espec\u00edmenes que pululan entre el egocentrismo y la soberbia , rozando la estupidez, en ninguna disciplina, pero sobre todo, que nunca arruinen los c\u00f3digos de este deporte hermoso que es el BASQUETBOL\u00bb, escribi\u00f3 en Instagram (repasando en fotos los principales logros) uno de los importantes referentes de la escuadra dirigida por Marcelo Miretti, que obtuvo el campeonato Oficial de la ARB del a\u00f1o anterior luego de 31 a\u00f1os y consigui\u00f3 una gran performance en la fase regular de la Liga Provincial, cancelada por el Covid 19.<\/p>\n","protected":false},"excerpt":{"rendered":"<p>A trav\u00e9s de una publicaci\u00f3n en sus redes sociales, el p\u00edvot Jonatan Faber anunci\u00f3 que no seguir\u00e1 jugando en Atl\u00e9tico<\/p>\n","protected":false},"author":2,"featured_media":16819,"comment_status":"open","ping_status":"open","sticky":false,"template":"","format":"standard","meta":{"footnotes":""},"categories":[5,24],"tags":[],"class_list":["post-21942","post","type-post","status-publish","format-standard","has-post-thumbnail","hentry","category-basquet","category-noticias-destacadas"],"cc_featured_image_caption":{"caption_text":"","source_text":"","source_url":""},"_links":{"self":[{"href":"https:\/\/todoapulmon-rafaela.com\/index.php\/wp-json\/wp\/v2\/posts\/21942"}],"collection":[{"href":"https:\/\/todoapulmon-rafaela.com\/index.php\/wp-json\/wp\/v2\/posts"}],"about":[{"href":"https:\/\/todoapulmon-rafaela.com\/index.php\/wp-json\/wp\/v2\/types\/post"}],"author":[{"embeddable":true,"href":"https:\/\/todoapulmon-rafaela.com\/index.php\/wp-json\/wp\/v2\/users\/2"}],"replies":[{"embeddable":true,"href":"https:\/\/todoapulmon-rafaela.com\/index.php\/wp-json\/wp\/v2\/comments?post=21942"}],"version-history":[{"count":1,"href":"https:\/\/todoapulmon-rafaela.com\/index.php\/wp-json\/wp\/v2\/posts\/21942\/revisions"}],"predecessor-version":[{"id":21943,"href":"https:\/\/todoapulmon-rafaela.com\/index.php\/wp-json\/wp\/v2\/posts\/21942\/revisions\/21943"}],"wp:featuredmedia":[{"embeddable":true,"href":"https:\/\/todoapulmon-rafaela.com\/index.php\/wp-json\/wp\/v2\/media\/16819"}],"wp:attachment":[{"href":"https:\/\/todoapulmon-rafaela.com\/index.php\/wp-json\/wp\/v2\/media?parent=21942"}],"wp:term":[{"taxonomy":"category","embeddable":true,"href":"https:\/\/todoapulmon-rafaela.com\/index.php\/wp-json\/wp\/v2\/categories?post=21942"},{"taxonomy":"post_tag","embeddable":true,"href":"https:\/\/todoapulmon-rafaela.com\/index.php\/wp-json\/wp\/v2\/tags?post=21942"}],"curies":[{"name":"wp","href":"https:\/\/api.w.org\/{rel}","templated":true}]}}