{"id":21916,"date":"2020-07-16T12:12:13","date_gmt":"2020-07-16T12:12:13","guid":{"rendered":"https:\/\/todoapulmon-rafaela.com\/?p=21916"},"modified":"2020-07-16T12:12:13","modified_gmt":"2020-07-16T12:12:13","slug":"estoy-como-en-una-pretemporada","status":"publish","type":"post","link":"https:\/\/todoapulmon-rafaela.com\/index.php\/2020\/07\/16\/estoy-como-en-una-pretemporada\/","title":{"rendered":"\u00abEstoy como en una pretemporada\u00bb"},"content":{"rendered":"<p>En uno de los entrenamientos de la nueva normalidad tras la cuarentena en nuestra provincia por la pandemia del Covid 19, dialogamos en el Club Ciclista de Rafaela con Natalia Vera.<\/p>\n<p>La pedalistas oriunda de Beltr\u00e1n ya se enfoca en paulatinamente recuperar el mejor rendimiento, m\u00e1s all\u00e1 que existe una marca incertidumbre en materia de competencias. \u00abVolver a los entrenamientos en Argentina es muy importante para nosotros los deportistas y en este caso tener un vel\u00f3dromo y no poder aprovecharlo, era algo feo. Pero bueno, con fr\u00edo ahora pero entrenamos felices\u00bb, nos cont\u00f3 en la tarde del mi\u00e9rcoles.<\/p>\n<p>En este proceso, poner objetivos es fundamental y para la santiague\u00f1a pasa por lo f\u00edsico. \u00abLa verdad que estoy en la parte de fuerza, como en una pretemporada. Como\u00a0 no sabemos bien lo que va a venir ni cu\u00e1ndo, creo que en a\u00f1os anteriores no pod\u00eda hacer una pretemporada larga y buena, hablamos con Daniel (Capella) para reforzar varias cosas como el gimnasio, donde trabajamos un duro poniendo un l\u00edmite para que todo salga bien\u00bb.<\/p>\n<p>En cuanto a lo que est\u00e1 aguardando de cara al futuro, puntualiz\u00f3 que \u00abpor ahora nos est\u00e1n diciendo que en noviembre y diciembre va a estar el Campeonato Argentino, que ser\u00eda la \u00fanica competencia en Argentina. En el exterior no tenemos nada, porque los otros pa\u00edses est\u00e1n muy mal con la pandemia y el Panamericano qued\u00f3 descartado\u00bb.<\/p>\n<p>Durante el aislamiento, Nati tuvo que pasarlo lejos de su familia y en este aspecto nos cont\u00f3 que \u00abhice toda la cuarentena en Rafaela porque cuando me di cuenta de volver a mi casa ya era tarde, no pod\u00eda volver. La pas\u00e9 bastante mal, extra\u00f1aba mucho, pero aqu\u00ed estamos con la cara al viento como decimos los ciclistas y d\u00e1ndole para adelante\u00bb.<\/p>\n<p><img loading=\"lazy\" decoding=\"async\" class=\"alignnone size-medium wp-image-21458\" src=\"https:\/\/todoapulmon-rafaela.com\/wp-content\/uploads\/2020\/06\/Insupec-2020-300x247.jpg\" alt=\"Insupec 2020\" width=\"300\" height=\"247\" srcset=\"https:\/\/todoapulmon-rafaela.com\/wp-content\/uploads\/2020\/06\/Insupec-2020-300x247.jpg 300w, https:\/\/todoapulmon-rafaela.com\/wp-content\/uploads\/2020\/06\/Insupec-2020.jpg 1004w\" sizes=\"(max-width: 300px) 100vw, 300px\" \/><\/p>\n","protected":false},"excerpt":{"rendered":"<p>En uno de los entrenamientos de la nueva normalidad tras la cuarentena en nuestra provincia por la pandemia del Covid<\/p>\n","protected":false},"author":2,"featured_media":21917,"comment_status":"open","ping_status":"open","sticky":false,"template":"","format":"standard","meta":{"footnotes":""},"categories":[4],"tags":[],"class_list":["post-21916","post","type-post","status-publish","format-standard","has-post-thumbnail","hentry","category-ciclismo"],"cc_featured_image_caption":{"caption_text":"","source_text":"","source_url":""},"_links":{"self":[{"href":"https:\/\/todoapulmon-rafaela.com\/index.php\/wp-json\/wp\/v2\/posts\/21916"}],"collection":[{"href":"https:\/\/todoapulmon-rafaela.com\/index.php\/wp-json\/wp\/v2\/posts"}],"about":[{"href":"https:\/\/todoapulmon-rafaela.com\/index.php\/wp-json\/wp\/v2\/types\/post"}],"author":[{"embeddable":true,"href":"https:\/\/todoapulmon-rafaela.com\/index.php\/wp-json\/wp\/v2\/users\/2"}],"replies":[{"embeddable":true,"href":"https:\/\/todoapulmon-rafaela.com\/index.php\/wp-json\/wp\/v2\/comments?post=21916"}],"version-history":[{"count":1,"href":"https:\/\/todoapulmon-rafaela.com\/index.php\/wp-json\/wp\/v2\/posts\/21916\/revisions"}],"predecessor-version":[{"id":21918,"href":"https:\/\/todoapulmon-rafaela.com\/index.php\/wp-json\/wp\/v2\/posts\/21916\/revisions\/21918"}],"wp:featuredmedia":[{"embeddable":true,"href":"https:\/\/todoapulmon-rafaela.com\/index.php\/wp-json\/wp\/v2\/media\/21917"}],"wp:attachment":[{"href":"https:\/\/todoapulmon-rafaela.com\/index.php\/wp-json\/wp\/v2\/media?parent=21916"}],"wp:term":[{"taxonomy":"category","embeddable":true,"href":"https:\/\/todoapulmon-rafaela.com\/index.php\/wp-json\/wp\/v2\/categories?post=21916"},{"taxonomy":"post_tag","embeddable":true,"href":"https:\/\/todoapulmon-rafaela.com\/index.php\/wp-json\/wp\/v2\/tags?post=21916"}],"curies":[{"name":"wp","href":"https:\/\/api.w.org\/{rel}","templated":true}]}}