{"id":21906,"date":"2020-07-15T19:45:14","date_gmt":"2020-07-15T19:45:14","guid":{"rendered":"https:\/\/todoapulmon-rafaela.com\/?p=21906"},"modified":"2020-07-15T20:23:55","modified_gmt":"2020-07-15T20:23:55","slug":"todos-los-ciclistas-tienen-sus-objetivos-y-estan-trabajando-para-eso","status":"publish","type":"post","link":"https:\/\/todoapulmon-rafaela.com\/index.php\/2020\/07\/15\/todos-los-ciclistas-tienen-sus-objetivos-y-estan-trabajando-para-eso\/","title":{"rendered":"\u00abTodos los ciclistas tienen sus objetivos y est\u00e1n trabajando para eso\u00bb"},"content":{"rendered":"<p>En un recorrido por el Club Ciclista de Rafaela, en la tarde de este mi\u00e9rcoles dialogamos con Daniel Capella. El entrenador nos coment\u00f3 no solamente algunas cuestiones del regreso a la actividad del deporte del pedal en nuestra ciudad, sino tambi\u00e9n del trabajo con las selecciones argentinas.<\/p>\n<p>\u00abHa sido mucho tiempo de encierro, los ciclistas no estamos acostubrados a ello. Si bien con los rodillos y las bicis fijas los entrenamientos se pueden mantener igual, lo cierto es que el encierro antes de la pandemia se viv\u00eda solamente en d\u00edas de lluvia o fr\u00edos. Pero el parate fue mucho, se extra\u00f1aba el di\u00e1logo y el entrenamiento con los compa\u00f1eros, ya sea en la pista o en la ruta, pero por suerte hace algunas semanas con los protocolos correspondientes se pudo volver a entrenar\u00bb, mencion\u00f3 sobre lo que fue el proceso m\u00e1s largo de inactividad.<\/p>\n<p>En cuanto a la manera de seguir ligado a los corredores, expres\u00f3 que \u00abhoy d\u00eda las redes sociales te permiten muchas cosas. Con zoom o whatsapp se mandaban distintos planes de entrenamiento para el rodillo. Lo \u00fanico claro de la cuarentena es que en alg\u00fan momento iba a pasar y retomar\u00edamos la actividad. Todos los ciclistas tienen sus objetivos y est\u00e1n trabajando para llegar bien a eso\u00bb.<\/p>\n<p>En cuanto a la selecci\u00f3n argentina, el panorama es diferente de acuerdo a lo expresado por el rafaelino: \u00abEso es mas complicado porque los corredores est\u00e1n dispersos en todo el pa\u00eds. Hicimos distintos grupos de acuerdo a la categor\u00eda: Dakar 2022 (que ahora se postergaron), juniors, damas, \u00e1rea de fondo y los varones del \u00e1rea de velocidad. Tambi\u00e9n trabajamos por Zoom, viendo sus necesidades, consigui\u00e9ndoles implementos de gimnasio, en algunos lugares hablando con Secretar\u00eda de Deportes o intendentes para que les habiliten un lugar especial para al menos mantenerse, y sobre todo alent\u00e1ndolos, demostr\u00e1ndoles que nosotros tenemos ganas de que esto pase\u00bb.<\/p>\n<div style=\"width: 800px;\" class=\"wp-video\"><!--[if lt IE 9]><script>document.createElement('video');<\/script><![endif]-->\n<video class=\"wp-video-shortcode\" id=\"video-21906-1\" width=\"800\" height=\"450\" preload=\"metadata\" controls=\"controls\"><source type=\"video\/mp4\" src=\"https:\/\/todoapulmon-rafaela.com\/wp-content\/uploads\/2020\/07\/P1390083.mp4?_=1\" \/><a href=\"https:\/\/todoapulmon-rafaela.com\/wp-content\/uploads\/2020\/07\/P1390083.mp4\">https:\/\/todoapulmon-rafaela.com\/wp-content\/uploads\/2020\/07\/P1390083.mp4<\/a><\/video><\/div>\n<p>Finalmente, sobre las chances de retornar a la competencia cerca de fin de a\u00f1o en Argentina, respondi\u00f3 que: \u00ablo que la Federaci\u00f3n Argentina tiene muchas ganas de hacer es el campeonato Argentino de Ruta Elite porque estamos dentro de los cinco pa\u00edses a nivel mundial con mayor continuidad de cert\u00e1menes realizados, creo que 109. Es por eso que antes de diciembre, si todo se resuelve y entramos en la fase final con posibilidades de entrenar, m\u00e1s all\u00e1 que todos sabemos que el pa\u00eds se mueve a trav\u00e9s de lo que pase en Buenos Aires, creo que despu\u00e9s de un mes y medio que ya est\u00e1n entrenando en el AMBA, retornar\u00e1n las competencias. Aunque seguramente el nivel de competitividad no ser\u00e1 el mismo\u00bb.<\/p>\n<p><img loading=\"lazy\" decoding=\"async\" class=\"alignnone size-medium wp-image-21464\" src=\"https:\/\/todoapulmon-rafaela.com\/wp-content\/uploads\/2020\/06\/Capsula-mayo-2020-300x240.jpg\" alt=\"Capsula mayo 2020\" width=\"300\" height=\"240\" srcset=\"https:\/\/todoapulmon-rafaela.com\/wp-content\/uploads\/2020\/06\/Capsula-mayo-2020-300x240.jpg 300w, https:\/\/todoapulmon-rafaela.com\/wp-content\/uploads\/2020\/06\/Capsula-mayo-2020.jpg 1117w\" sizes=\"(max-width: 300px) 100vw, 300px\" \/><\/p>\n","protected":false},"excerpt":{"rendered":"<p>En un recorrido por el Club Ciclista de Rafaela, en la tarde de este mi\u00e9rcoles dialogamos con Daniel Capella. El<\/p>\n","protected":false},"author":2,"featured_media":21907,"comment_status":"open","ping_status":"open","sticky":false,"template":"","format":"standard","meta":{"footnotes":""},"categories":[4,24],"tags":[],"class_list":["post-21906","post","type-post","status-publish","format-standard","has-post-thumbnail","hentry","category-ciclismo","category-noticias-destacadas"],"cc_featured_image_caption":{"caption_text":"Daniel Capella nos cont\u00f3 sobre el panorama luego del regreso del ciclismo.","source_text":"","source_url":""},"_links":{"self":[{"href":"https:\/\/todoapulmon-rafaela.com\/index.php\/wp-json\/wp\/v2\/posts\/21906"}],"collection":[{"href":"https:\/\/todoapulmon-rafaela.com\/index.php\/wp-json\/wp\/v2\/posts"}],"about":[{"href":"https:\/\/todoapulmon-rafaela.com\/index.php\/wp-json\/wp\/v2\/types\/post"}],"author":[{"embeddable":true,"href":"https:\/\/todoapulmon-rafaela.com\/index.php\/wp-json\/wp\/v2\/users\/2"}],"replies":[{"embeddable":true,"href":"https:\/\/todoapulmon-rafaela.com\/index.php\/wp-json\/wp\/v2\/comments?post=21906"}],"version-history":[{"count":5,"href":"https:\/\/todoapulmon-rafaela.com\/index.php\/wp-json\/wp\/v2\/posts\/21906\/revisions"}],"predecessor-version":[{"id":21913,"href":"https:\/\/todoapulmon-rafaela.com\/index.php\/wp-json\/wp\/v2\/posts\/21906\/revisions\/21913"}],"wp:featuredmedia":[{"embeddable":true,"href":"https:\/\/todoapulmon-rafaela.com\/index.php\/wp-json\/wp\/v2\/media\/21907"}],"wp:attachment":[{"href":"https:\/\/todoapulmon-rafaela.com\/index.php\/wp-json\/wp\/v2\/media?parent=21906"}],"wp:term":[{"taxonomy":"category","embeddable":true,"href":"https:\/\/todoapulmon-rafaela.com\/index.php\/wp-json\/wp\/v2\/categories?post=21906"},{"taxonomy":"post_tag","embeddable":true,"href":"https:\/\/todoapulmon-rafaela.com\/index.php\/wp-json\/wp\/v2\/tags?post=21906"}],"curies":[{"name":"wp","href":"https:\/\/api.w.org\/{rel}","templated":true}]}}