{"id":21901,"date":"2020-07-15T18:34:23","date_gmt":"2020-07-15T18:34:23","guid":{"rendered":"https:\/\/todoapulmon-rafaela.com\/?p=21901"},"modified":"2020-07-15T22:55:40","modified_gmt":"2020-07-15T22:55:40","slug":"el-coi-postergo-los-juegos-olimpicos-de-la-juventud-en-dakar","status":"publish","type":"post","link":"https:\/\/todoapulmon-rafaela.com\/index.php\/2020\/07\/15\/el-coi-postergo-los-juegos-olimpicos-de-la-juventud-en-dakar\/","title":{"rendered":"El COI posterg\u00f3 los Juegos Ol\u00edmpicos de la Juventud en Dakar"},"content":{"rendered":"<div class=\"inline | ad-wrapper display_flex align_items_center width_full justify_center\">El Comit\u00e9 Ol\u00edmpico Internacional (COI), que preside el alem\u00e1n Thomas Bach, anunci\u00f3 la postergaci\u00f3n de los Juegos Ol\u00edmpicos de la Juventud para el 2026, luego de llegar a un acuerdo con los organizadores senegaleses.<br \/>\nEl aplazamiento de Dakar 2022 les permitir\u00e1 al COI, a los Comit\u00e9s Ol\u00edmpicos Nacionales (CON) y a las Federaciones Internacionales (FI) planificar mejor sus actividades, fuertemente afectadas por la reprogramaci\u00f3n de los Juegos Ol\u00edmpicos de Tokio 2020 y otros de los principales eventos deportivos internacionales, con consecuencias operativas y financieras de la crisis sanitaria mundial.<br \/>\nEl titular de la entidad internacional y el presidente del Comit\u00e9 Organizador de Dakar 2022, Mamadou Diagna Ndiaye, miembro del COI en Senegal, coincidieron en que podr\u00e1n trabajar con m\u00e1s tiempo para que estos Juegos Ol\u00edmpicos de la Juventud, el primer evento ol\u00edmpico de la historia en \u00c1frica, sean un \u00e9xito. Aunque comprenden que la noticia ser\u00e1 decepcionante para muchos atletas j\u00f3venes.<br \/>\n\u201cEste acuerdo amigable ilustra la confianza mutua entre Senegal y el COI. Quisiera expresar mi sincero agradecimiento al presidente Macky Sall, un gran amigo y partidario del Movimiento Ol\u00edmpico, por esta relaci\u00f3n excepcional de confianza y calidad\u201d, declar\u00f3 Bach en la p\u00e1gina oficial del COI.<br \/>\nEn ese marco, agreg\u00f3: \u201cPor todas estas razones, estoy seguro de que juntos organizaremos los fant\u00e1sticos Juegos Ol\u00edmpicos de la Juventud Dakar 2026 para Senegal, todo el continente africano y todos los j\u00f3venes atletas del mundo\u201d.<br \/>\nPor su parte, el presidente del estado africano, Macky Sall, expres\u00f3: \u201cMe gustar\u00eda reiterar que el COI tiene todo mi apoyo para la organizaci\u00f3n de los Juegos Ol\u00edmpicos de la Juventud, pospuestos para 2026. Aprovecho esta oportunidad para reafirmar mi confianza en la Junta Ejecutiva y acojo con benepl\u00e1cito el compromiso de sus equipos, trabajando codo a codo con nosotros, para hacer del Dakar 2026, el primer evento ol\u00edmpico en \u00c1frica, una ocasi\u00f3n exitosa y memorable\u201d.<br \/>\nEl acuerdo fue aprobado por la Junta Ejecutiva del COI y se presentar\u00e1 a la Sesi\u00f3n del COI para su ratificaci\u00f3n este viernes. Los \u00faltimos Juegos Ol\u00edmpicos de la Juventud tuvieron lugar en la Ciudad Aut\u00f3noma de Buenos Aires, en el 2018.<\/div>\n<div class=\"inline | ad-wrapper display_flex align_items_center width_full justify_center\">\n<figure id=\"attachment_21903\" aria-describedby=\"caption-attachment-21903\" style=\"width: 300px\" class=\"wp-caption alignnone\"><img loading=\"lazy\" decoding=\"async\" class=\"size-medium wp-image-21903\" src=\"https:\/\/todoapulmon-rafaela.com\/wp-content\/uploads\/2020\/07\/Trio-Dakar-2022-300x225.jpg\" alt=\"Benjamin Castillo, Delfina Gentinetta y Tom\u00e1s Mondino.\" width=\"300\" height=\"225\" srcset=\"https:\/\/todoapulmon-rafaela.com\/wp-content\/uploads\/2020\/07\/Trio-Dakar-2022-300x225.jpg 300w, https:\/\/todoapulmon-rafaela.com\/wp-content\/uploads\/2020\/07\/Trio-Dakar-2022.jpg 1280w\" sizes=\"(max-width: 300px) 100vw, 300px\" \/><figcaption id=\"caption-attachment-21903\" class=\"wp-caption-text\">Benjamin Castillo, Delfina Gentinetta y Tom\u00e1s Mondino.<\/figcaption><\/figure>\n<p>PRESENCIAS LOCALES EN EL PROYECTO<\/p>\n<\/div>\n<div class=\"inline | ad-wrapper display_flex align_items_center width_full justify_center\">Recordemos que a fines de febrero de este a\u00f1o se realiz\u00f3 en Buenos Aires el primer Campus para estos Juegos, donde fueron parte los atletas Tom\u00e1s Mondino y Benjam\u00edn Castillo, y la basquetbolista Delfina Gentinetta.<\/div>\n<div class=\"inline | ad-wrapper display_flex align_items_center width_full justify_center\">En tanto, para el mes de mayo pasado estaba previsto un Campus en Cachi con marchistas, donde ten\u00eda previsto asistir Angelina Zanatta, y posteriormente a uno de velocidad su compa\u00f1era del CRAS, Camila Rodriguez. Debido a la pandemia fueron cancelados.<\/div>\n<div class=\"inline | ad-wrapper display_flex align_items_center width_full justify_center\">Adem\u00e1s, Daniel Capella es uno de los entrenadores del seleccionado de ciclismo.<br \/>\nNo obstante, cabe mencionar que el a\u00f1o que viene los chicos de estas franjas de edades tienen programados los juegos Sudamericanos de la Juventud en Rosario. Llegar\u00e1n m\u00e1s de 2.500 deportistas de 15 pa\u00edses para participar en 33 disciplinas deportivas entre el 13 y el 25 de abril.<\/div>\n<div class=\"inline | ad-wrapper display_flex align_items_center width_full justify_center\"><img loading=\"lazy\" decoding=\"async\" class=\"alignnone size-medium wp-image-21541\" src=\"https:\/\/todoapulmon-rafaela.com\/wp-content\/uploads\/2020\/06\/Ok-Insumos-300x193.jpg\" alt=\"Ok Insumos\" width=\"300\" height=\"193\" srcset=\"https:\/\/todoapulmon-rafaela.com\/wp-content\/uploads\/2020\/06\/Ok-Insumos-300x193.jpg 300w, https:\/\/todoapulmon-rafaela.com\/wp-content\/uploads\/2020\/06\/Ok-Insumos.jpg 1675w\" sizes=\"(max-width: 300px) 100vw, 300px\" \/><\/div>\n","protected":false},"excerpt":{"rendered":"<p>El Comit\u00e9 Ol\u00edmpico Internacional (COI), que preside el alem\u00e1n Thomas Bach, anunci\u00f3 la postergaci\u00f3n de los Juegos Ol\u00edmpicos de la<\/p>\n","protected":false},"author":2,"featured_media":21902,"comment_status":"open","ping_status":"open","sticky":false,"template":"","format":"standard","meta":{"footnotes":""},"categories":[24],"tags":[],"class_list":["post-21901","post","type-post","status-publish","format-standard","has-post-thumbnail","hentry","category-noticias-destacadas"],"cc_featured_image_caption":{"caption_text":"","source_text":"","source_url":""},"_links":{"self":[{"href":"https:\/\/todoapulmon-rafaela.com\/index.php\/wp-json\/wp\/v2\/posts\/21901"}],"collection":[{"href":"https:\/\/todoapulmon-rafaela.com\/index.php\/wp-json\/wp\/v2\/posts"}],"about":[{"href":"https:\/\/todoapulmon-rafaela.com\/index.php\/wp-json\/wp\/v2\/types\/post"}],"author":[{"embeddable":true,"href":"https:\/\/todoapulmon-rafaela.com\/index.php\/wp-json\/wp\/v2\/users\/2"}],"replies":[{"embeddable":true,"href":"https:\/\/todoapulmon-rafaela.com\/index.php\/wp-json\/wp\/v2\/comments?post=21901"}],"version-history":[{"count":4,"href":"https:\/\/todoapulmon-rafaela.com\/index.php\/wp-json\/wp\/v2\/posts\/21901\/revisions"}],"predecessor-version":[{"id":21915,"href":"https:\/\/todoapulmon-rafaela.com\/index.php\/wp-json\/wp\/v2\/posts\/21901\/revisions\/21915"}],"wp:featuredmedia":[{"embeddable":true,"href":"https:\/\/todoapulmon-rafaela.com\/index.php\/wp-json\/wp\/v2\/media\/21902"}],"wp:attachment":[{"href":"https:\/\/todoapulmon-rafaela.com\/index.php\/wp-json\/wp\/v2\/media?parent=21901"}],"wp:term":[{"taxonomy":"category","embeddable":true,"href":"https:\/\/todoapulmon-rafaela.com\/index.php\/wp-json\/wp\/v2\/categories?post=21901"},{"taxonomy":"post_tag","embeddable":true,"href":"https:\/\/todoapulmon-rafaela.com\/index.php\/wp-json\/wp\/v2\/tags?post=21901"}],"curies":[{"name":"wp","href":"https:\/\/api.w.org\/{rel}","templated":true}]}}