{"id":21891,"date":"2020-07-14T17:06:26","date_gmt":"2020-07-14T17:06:26","guid":{"rendered":"https:\/\/todoapulmon-rafaela.com\/?p=21891"},"modified":"2020-07-14T17:14:40","modified_gmt":"2020-07-14T17:14:40","slug":"vuelve-la-natacion-en-la-provincia","status":"publish","type":"post","link":"https:\/\/todoapulmon-rafaela.com\/index.php\/2020\/07\/14\/vuelve-la-natacion-en-la-provincia\/","title":{"rendered":"Vuelve la nataci\u00f3n en la provincia"},"content":{"rendered":"<p>A partir de este mi\u00e9rcoles podr\u00e1n abrir los natatorios de localidades santafesinas en donde est\u00e1n habilitadas las actividades deportivas.<\/p>\n<p>As\u00ed lo confirm\u00f3 este lunes el ministro de Gesti\u00f3n P\u00fablica de la provincia de Santa Fe, Rub\u00e9n Michlig a trav\u00e9s de las redes sociales.<\/p>\n<p>\u201cA partir del pr\u00f3ximo mi\u00e9rcoles 15 ser\u00e1n habilitados los natatorios en la provincia de Santa Fe a excepci\u00f3n de aquellas localidades que tengan restricciones en las actividades deportivas\u201d, escribi\u00f3 el funcionario del gobierno de Omar Perotti.<\/p>\n<p>Cabe se\u00f1alar que academias y clubes ya hab\u00edan presentado los protocolos para poder retomar la actividad y estaban aguardando la confirmaci\u00f3n gubernamental, que finalmente lleg\u00f3 esta semana.<\/p>\n<p>Esta reapertura ser\u00e1\u00a0 con un per\u00edodo de prueba de quince d\u00edas tras el cual, de no mediar inconvenientes ni contagios de coronavirus, se implementar\u00eda definitivamente.<\/p>\n<p>Por su parte, Claudia Giaccone destac\u00f3 el buen funcionamiento del Protocolo Base (Proba) para las distintas disciplinas deportivas, y entre ellas el excelente resultado en el caso de la nataci\u00f3n para los atletas santafesinos que permitir\u00e1, a partir de este mi\u00e9rcoles, la habilitaci\u00f3n de todas las piletas.<\/p>\n<p>\u00abCon esta actividad,\u00a0<strong>Santa Fe habilita la mayor\u00eda de las actividades deportivas<\/strong>\u00ab, destac\u00f3 la Secretaria de Deportes provincial.<\/p>\n<p>Santa Fe tiene diez nadadores profesionales que competir\u00e1n en Tokio 2021 que retomaron sus entrenamientos hace poco menos de un mes en el natatorio del Club Provincial de Rosario.<\/p>\n<p>El\u00a0protocolo que usaron los atletas se replicar\u00e1 en\u00a0el resto de las piletas:\u00a0<strong>turnos y distancia social. No se podr\u00e1n usar las duchas pero s\u00ed los cambiadores.\u00a0<\/strong><\/p>\n<p>En cuanto a nuestra ciudad, est\u00e1 prevista en las pr\u00f3ximas horas una reuni\u00f3n entre los representantes de los natatorios y funcionarios del municipio para terminar de darle forma a la habilitaci\u00f3n. Luego, cada pileta difundir\u00e1 sus cronogramas para que los nadadores puedan regresar a nadar tras cuatro meses. Recordemos que la normativa provincial establece que las actividades deportivas se desarrollan, por el momento, desde los 12 a\u00f1os.<\/p>\n<div id=\"lx_659627\" class=\"__lxG__multi __lxG__multi_lx_659627\">\u00a0<img loading=\"lazy\" decoding=\"async\" class=\"alignnone size-medium wp-image-21892\" src=\"https:\/\/todoapulmon-rafaela.com\/wp-content\/uploads\/2020\/07\/Scozzina-Distribuciones-300x241.jpg\" alt=\"Scozzina Distribuciones\" width=\"300\" height=\"241\" srcset=\"https:\/\/todoapulmon-rafaela.com\/wp-content\/uploads\/2020\/07\/Scozzina-Distribuciones-300x241.jpg 300w, https:\/\/todoapulmon-rafaela.com\/wp-content\/uploads\/2020\/07\/Scozzina-Distribuciones.jpg 1120w\" sizes=\"(max-width: 300px) 100vw, 300px\" \/><\/div>\n","protected":false},"excerpt":{"rendered":"<p>A partir de este mi\u00e9rcoles podr\u00e1n abrir los natatorios de localidades santafesinas en donde est\u00e1n habilitadas las actividades deportivas. As\u00ed<\/p>\n","protected":false},"author":2,"featured_media":21893,"comment_status":"open","ping_status":"open","sticky":false,"template":"","format":"standard","meta":{"footnotes":""},"categories":[26,24],"tags":[],"class_list":["post-21891","post","type-post","status-publish","format-standard","has-post-thumbnail","hentry","category-natacion","category-noticias-destacadas"],"cc_featured_image_caption":{"caption_text":"Claudia Giaccone, secretaria de Deportes provincial.","source_text":"","source_url":""},"_links":{"self":[{"href":"https:\/\/todoapulmon-rafaela.com\/index.php\/wp-json\/wp\/v2\/posts\/21891"}],"collection":[{"href":"https:\/\/todoapulmon-rafaela.com\/index.php\/wp-json\/wp\/v2\/posts"}],"about":[{"href":"https:\/\/todoapulmon-rafaela.com\/index.php\/wp-json\/wp\/v2\/types\/post"}],"author":[{"embeddable":true,"href":"https:\/\/todoapulmon-rafaela.com\/index.php\/wp-json\/wp\/v2\/users\/2"}],"replies":[{"embeddable":true,"href":"https:\/\/todoapulmon-rafaela.com\/index.php\/wp-json\/wp\/v2\/comments?post=21891"}],"version-history":[{"count":2,"href":"https:\/\/todoapulmon-rafaela.com\/index.php\/wp-json\/wp\/v2\/posts\/21891\/revisions"}],"predecessor-version":[{"id":21896,"href":"https:\/\/todoapulmon-rafaela.com\/index.php\/wp-json\/wp\/v2\/posts\/21891\/revisions\/21896"}],"wp:featuredmedia":[{"embeddable":true,"href":"https:\/\/todoapulmon-rafaela.com\/index.php\/wp-json\/wp\/v2\/media\/21893"}],"wp:attachment":[{"href":"https:\/\/todoapulmon-rafaela.com\/index.php\/wp-json\/wp\/v2\/media?parent=21891"}],"wp:term":[{"taxonomy":"category","embeddable":true,"href":"https:\/\/todoapulmon-rafaela.com\/index.php\/wp-json\/wp\/v2\/categories?post=21891"},{"taxonomy":"post_tag","embeddable":true,"href":"https:\/\/todoapulmon-rafaela.com\/index.php\/wp-json\/wp\/v2\/tags?post=21891"}],"curies":[{"name":"wp","href":"https:\/\/api.w.org\/{rel}","templated":true}]}}