{"id":21850,"date":"2020-07-08T12:29:33","date_gmt":"2020-07-08T12:29:33","guid":{"rendered":"https:\/\/todoapulmon-rafaela.com\/?p=21850"},"modified":"2020-07-08T12:29:46","modified_gmt":"2020-07-08T12:29:46","slug":"melisa-gretter-volvera-a-jugar-en-espana","status":"publish","type":"post","link":"https:\/\/todoapulmon-rafaela.com\/index.php\/2020\/07\/08\/melisa-gretter-volvera-a-jugar-en-espana\/","title":{"rendered":"Melisa Gretter volver\u00e1 a jugar en Espa\u00f1a"},"content":{"rendered":"<p>Luego de 5 a\u00f1os en Brasil, la carrera profesional de Melisa Gretter continuar\u00e1 en Espa\u00f1a.<br \/>\nLa base rafaelina fue anunciada como nueva incorporaci\u00f3n de Estudiantes de Madrid para la Liga superior de baloncesto femenino.<br \/>\nRecordemos que la integrante de la selecci\u00f3n argentina ya hab\u00eda jugado dos temporadas en ese pa\u00eds, mas precisamente en el Mann Filter de Zaragoza entre 2013 y 2015.<br \/>\nMeli tuvo un exitoso periplo por tierras brasileras, obteniendo t\u00edtulos con Americana Corinthians y Vera Cruz, en tanto que la pandemia del coronavirus no permiti\u00f3 culminar la temporada con el Sampaio Basquete, su \u00faltima escuadra en el vecino pa\u00eds.<\/p>\n<p><em>\u00abEs una gran alegr\u00eda para m\u00ed estar de vuelta en la liga espa\u00f1ola. Cuando mi agente dijo que hab\u00eda equipos interesados \u200b\u200ben m\u00ed, me sent\u00ed muy feliz porque es una de las ligas m\u00e1s fuertes del mundo. Jugu\u00e9 durante 2 a\u00f1os en Espa\u00f1a y ahora regreso con m\u00e1s experiencia y ganas de crecer a\u00fan m\u00e1s\u00bb,\u00a0<\/em>se\u00f1al\u00f3 en sus primeras declaraciones al sitio oficial del equipo espa\u00f1ol.<br \/>\nLuego agreg\u00f3 que \u00abj<em>ugu\u00e9 durante 5 a\u00f1os en Brasil y me adapt\u00e9 muy bien en el pa\u00eds. La Liga Brasile\u00f1a crece a\u00f1o tras a\u00f1o y tuve grandes momentos all\u00ed. Ganamos t\u00edtulos y tambi\u00e9n me destaqu\u00e9. Mi \u00faltima temporada en Argentina fue en 2017 y espero que la Liga contin\u00fae evolucionando y creciendo porque se refleja directamente en la selecci\u00f3n, como sucedi\u00f3 en 2018 cuando ganamos el t\u00edtulo sudamericano y competimos en la Copa del Mundo. Entonces, realmente espero que Liga de mi pa\u00eds sea m\u00e1s y m\u00e1s fuerte\u00bb.<\/em><\/p>\n<p><img loading=\"lazy\" decoding=\"async\" class=\"alignnone size-medium wp-image-21851\" src=\"https:\/\/todoapulmon-rafaela.com\/wp-content\/uploads\/2020\/07\/melisa-gretter-wibo-300x216.jpg\" alt=\"melisa-gretter-wibo\" width=\"300\" height=\"216\" srcset=\"https:\/\/todoapulmon-rafaela.com\/wp-content\/uploads\/2020\/07\/melisa-gretter-wibo-300x216.jpg 300w, https:\/\/todoapulmon-rafaela.com\/wp-content\/uploads\/2020\/07\/melisa-gretter-wibo.jpg 871w\" sizes=\"(max-width: 300px) 100vw, 300px\" \/><\/p>\n<p>Finalmente mencion\u00f3 que \u00ab<em>Estoy muy entusiasmada con lo que podemos hacer este a\u00f1o en Movistar Estudiantes. El equipo regresa a la primera divisi\u00f3n, se est\u00e1 fortaleciendo y estoy segura de que tendremos una gran temporada. Adem\u00e1s, estar en una ciudad como Madrid y con toda la estructura que ofrece el club me motiva a\u00fan m\u00e1s. Estoy muy ansiosa para sumarme al equipo\u00bb.<\/em><\/p>\n<p>El equipo ascendido a la elite de la Liga Endesa ha tenido la renovaci\u00f3n de las espa\u00f1olas Mar\u00eda Espin y Carmen Grande, y la estadounidense Leslie Knight. Adem\u00e1s, a las \u00f3rdenes del entrenador Alberto Ortega, llegan junto a Gretter la belga Jana Raman y la nigeriana\u00a0Atonye Nyingifa.<\/p>\n<p><img loading=\"lazy\" decoding=\"async\" class=\"alignnone size-medium wp-image-21541\" src=\"https:\/\/todoapulmon-rafaela.com\/wp-content\/uploads\/2020\/06\/Ok-Insumos-300x193.jpg\" alt=\"Ok Insumos\" width=\"300\" height=\"193\" srcset=\"https:\/\/todoapulmon-rafaela.com\/wp-content\/uploads\/2020\/06\/Ok-Insumos-300x193.jpg 300w, https:\/\/todoapulmon-rafaela.com\/wp-content\/uploads\/2020\/06\/Ok-Insumos.jpg 1675w\" sizes=\"(max-width: 300px) 100vw, 300px\" \/><img loading=\"lazy\" decoding=\"async\" class=\"alignnone size-medium wp-image-21458\" src=\"https:\/\/todoapulmon-rafaela.com\/wp-content\/uploads\/2020\/06\/Insupec-2020-300x247.jpg\" alt=\"Insupec 2020\" width=\"300\" height=\"247\" srcset=\"https:\/\/todoapulmon-rafaela.com\/wp-content\/uploads\/2020\/06\/Insupec-2020-300x247.jpg 300w, https:\/\/todoapulmon-rafaela.com\/wp-content\/uploads\/2020\/06\/Insupec-2020.jpg 1004w\" sizes=\"(max-width: 300px) 100vw, 300px\" \/><\/p>\n","protected":false},"excerpt":{"rendered":"<p>Luego de 5 a\u00f1os en Brasil, la carrera profesional de Melisa Gretter continuar\u00e1 en Espa\u00f1a. La base rafaelina fue anunciada<\/p>\n","protected":false},"author":2,"featured_media":21852,"comment_status":"open","ping_status":"open","sticky":false,"template":"","format":"standard","meta":{"footnotes":""},"categories":[5,24],"tags":[],"class_list":["post-21850","post","type-post","status-publish","format-standard","has-post-thumbnail","hentry","category-basquet","category-noticias-destacadas"],"cc_featured_image_caption":{"caption_text":"","source_text":"","source_url":""},"_links":{"self":[{"href":"https:\/\/todoapulmon-rafaela.com\/index.php\/wp-json\/wp\/v2\/posts\/21850"}],"collection":[{"href":"https:\/\/todoapulmon-rafaela.com\/index.php\/wp-json\/wp\/v2\/posts"}],"about":[{"href":"https:\/\/todoapulmon-rafaela.com\/index.php\/wp-json\/wp\/v2\/types\/post"}],"author":[{"embeddable":true,"href":"https:\/\/todoapulmon-rafaela.com\/index.php\/wp-json\/wp\/v2\/users\/2"}],"replies":[{"embeddable":true,"href":"https:\/\/todoapulmon-rafaela.com\/index.php\/wp-json\/wp\/v2\/comments?post=21850"}],"version-history":[{"count":2,"href":"https:\/\/todoapulmon-rafaela.com\/index.php\/wp-json\/wp\/v2\/posts\/21850\/revisions"}],"predecessor-version":[{"id":21854,"href":"https:\/\/todoapulmon-rafaela.com\/index.php\/wp-json\/wp\/v2\/posts\/21850\/revisions\/21854"}],"wp:featuredmedia":[{"embeddable":true,"href":"https:\/\/todoapulmon-rafaela.com\/index.php\/wp-json\/wp\/v2\/media\/21852"}],"wp:attachment":[{"href":"https:\/\/todoapulmon-rafaela.com\/index.php\/wp-json\/wp\/v2\/media?parent=21850"}],"wp:term":[{"taxonomy":"category","embeddable":true,"href":"https:\/\/todoapulmon-rafaela.com\/index.php\/wp-json\/wp\/v2\/categories?post=21850"},{"taxonomy":"post_tag","embeddable":true,"href":"https:\/\/todoapulmon-rafaela.com\/index.php\/wp-json\/wp\/v2\/tags?post=21850"}],"curies":[{"name":"wp","href":"https:\/\/api.w.org\/{rel}","templated":true}]}}