{"id":21737,"date":"2020-06-26T20:39:10","date_gmt":"2020-06-26T20:39:10","guid":{"rendered":"https:\/\/todoapulmon-rafaela.com\/?p=21737"},"modified":"2020-06-26T20:39:10","modified_gmt":"2020-06-26T20:39:10","slug":"la-pandemia-tambien-obligo-a-postergar-la-copa-davis-y-fed-cup","status":"publish","type":"post","link":"https:\/\/todoapulmon-rafaela.com\/index.php\/2020\/06\/26\/la-pandemia-tambien-obligo-a-postergar-la-copa-davis-y-fed-cup\/","title":{"rendered":"La pandemia tambi\u00e9n oblig\u00f3 a postergar la Copa Davis y Fed Cup"},"content":{"rendered":"<div>La Federaci\u00f3n Internacional de Tenis (ITF) anunci\u00f3 ayer que las finales de la Copa Davis previstas para disputarse en Madrid a fin de este a\u00f1o, fueron reprogramadas y se llevar\u00e1n a cabo en el mismo escenario del 22 al 28 de noviembre de 2021. La Copa Davis se jugar\u00e1, tal como estaba previsto, en la Caja M\u00e1gica de Madrid, sobre pista dura. Los 18 equipos de la Davis que ya se clasificaron para las finales de este a\u00f1o competir\u00e1n en las finales reprogramadas en 2021, quedando el sorteo de las finales tal como se ha publicado. \u00abLa decisi\u00f3n de aplazar el evento se produce tras un examen de tres meses de los considerables desaf\u00edos log\u00edsticos y normativos que han surgido como resultado de la pandemia y todos los posibles escenarios de acogida con la salud y la seguridad de todos los involucrados de suma importancia\u00bb se\u00f1al\u00f3 la ITF a trav\u00e9s de un comunicado en relaci\u00f3n a la Copa Davis.<br \/>\nAsimismo indic\u00f3: \u00abLas finales de la Copa Davis son la c\u00faspide de la mayor competici\u00f3n mundial masculina de tenis por equipos y se celebraron para ver a los 18 mejores equipos nacionales del mundo competir por el t\u00edtulo del campeonato mundial de la Copa Davis durante una semana en Madrid del 23 al 29 de noviembre de 2020\u00bb. \u00abEl evento deb\u00eda acoger a m\u00e1s de 90 atletas con importantes equipos de apoyo, as\u00ed como a miles de aficionados, funcionarios, personal, socios y otros interesados que viajaban de pa\u00edses de todo el mundo, cada uno en una etapa diferente para hacer frente a la pandemia\u00bb, expres\u00f3 la entidad.<br \/>\nEn tanto, manifest\u00f3: \u00abLas dificultades para acoger una reuni\u00f3n masiva de este tama\u00f1o a escala internacional en un recinto cubierto son considerables debido a la pandemia, tanto en el clima actual como en el previsto\u00bb.<\/div>\n<div><\/div>\n<div>TAMBIEN FED CUP<\/div>\n<div>Adem\u00e1s de la Copa Davis, la Federaci\u00f3n Internacional de Tenis anunci\u00f3 ayer la reprogramaci\u00f3n, por la pandemia del coronavirus, de todas las series de Copa Federaci\u00f3n para febrero pr\u00f3ximo, cuando Argentina recibir\u00e1 a Kazajist\u00e1n en busca del ascenso al Grupo Mundial. Ser\u00e1 entre el 5 y 6 de febrero de 2021, aunque la Asociaci\u00f3n Argentina de Tenis no indic\u00f3 d\u00f3nde, ya que en un primer momento esta serie, prevista para abril pasado, se iba a disputar en el club Hispano de San Juan.<br \/>\nArgentina lleg\u00f3 al repechaje luego de una semana soberbia en la zona Am\u00e9rica I, donde super\u00f3 en forma invicta el grupo B ante M\u00e9xico (2-1), el local Chile (2-1) y Per\u00fa (3-0), antes de pasar a Colombia (2-0) en la eliminatoria directa con el segundo del grupo A. En ese torneo, el equipo \u00abalbiceleste\u00bb estuvo integrado por la rosarina Nadia Podoroska -mejor jugadora argentina de la actualidad-, Paula Ormaechea, Victoria Bosio, Guillermina Naya y Lourdes Carl\u00e9.<\/div>\n<div><img loading=\"lazy\" decoding=\"async\" class=\"alignnone size-medium wp-image-21541\" src=\"https:\/\/todoapulmon-rafaela.com\/wp-content\/uploads\/2020\/06\/Ok-Insumos-300x193.jpg\" alt=\"Ok Insumos\" width=\"300\" height=\"193\" srcset=\"https:\/\/todoapulmon-rafaela.com\/wp-content\/uploads\/2020\/06\/Ok-Insumos-300x193.jpg 300w, https:\/\/todoapulmon-rafaela.com\/wp-content\/uploads\/2020\/06\/Ok-Insumos.jpg 1675w\" sizes=\"(max-width: 300px) 100vw, 300px\" \/><\/div>\n","protected":false},"excerpt":{"rendered":"<p>La Federaci\u00f3n Internacional de Tenis (ITF) anunci\u00f3 ayer que las finales de la Copa Davis previstas para disputarse en Madrid<\/p>\n","protected":false},"author":2,"featured_media":21738,"comment_status":"open","ping_status":"open","sticky":false,"template":"","format":"standard","meta":{"footnotes":""},"categories":[24,6],"tags":[],"class_list":["post-21737","post","type-post","status-publish","format-standard","has-post-thumbnail","hentry","category-noticias-destacadas","category-tenis"],"cc_featured_image_caption":{"caption_text":"La Copa Davis ten\u00eda previstas las finales en Espa\u00f1a.","source_text":"","source_url":""},"_links":{"self":[{"href":"https:\/\/todoapulmon-rafaela.com\/index.php\/wp-json\/wp\/v2\/posts\/21737"}],"collection":[{"href":"https:\/\/todoapulmon-rafaela.com\/index.php\/wp-json\/wp\/v2\/posts"}],"about":[{"href":"https:\/\/todoapulmon-rafaela.com\/index.php\/wp-json\/wp\/v2\/types\/post"}],"author":[{"embeddable":true,"href":"https:\/\/todoapulmon-rafaela.com\/index.php\/wp-json\/wp\/v2\/users\/2"}],"replies":[{"embeddable":true,"href":"https:\/\/todoapulmon-rafaela.com\/index.php\/wp-json\/wp\/v2\/comments?post=21737"}],"version-history":[{"count":1,"href":"https:\/\/todoapulmon-rafaela.com\/index.php\/wp-json\/wp\/v2\/posts\/21737\/revisions"}],"predecessor-version":[{"id":21739,"href":"https:\/\/todoapulmon-rafaela.com\/index.php\/wp-json\/wp\/v2\/posts\/21737\/revisions\/21739"}],"wp:featuredmedia":[{"embeddable":true,"href":"https:\/\/todoapulmon-rafaela.com\/index.php\/wp-json\/wp\/v2\/media\/21738"}],"wp:attachment":[{"href":"https:\/\/todoapulmon-rafaela.com\/index.php\/wp-json\/wp\/v2\/media?parent=21737"}],"wp:term":[{"taxonomy":"category","embeddable":true,"href":"https:\/\/todoapulmon-rafaela.com\/index.php\/wp-json\/wp\/v2\/categories?post=21737"},{"taxonomy":"post_tag","embeddable":true,"href":"https:\/\/todoapulmon-rafaela.com\/index.php\/wp-json\/wp\/v2\/tags?post=21737"}],"curies":[{"name":"wp","href":"https:\/\/api.w.org\/{rel}","templated":true}]}}