{"id":21733,"date":"2020-06-25T02:31:34","date_gmt":"2020-06-25T02:31:34","guid":{"rendered":"https:\/\/todoapulmon-rafaela.com\/?p=21733"},"modified":"2020-06-25T02:31:34","modified_gmt":"2020-06-25T02:31:34","slug":"a-25-anos-del-ben-hur-campeon-de-la-c","status":"publish","type":"post","link":"https:\/\/todoapulmon-rafaela.com\/index.php\/2020\/06\/25\/a-25-anos-del-ben-hur-campeon-de-la-c\/","title":{"rendered":"A 25 a\u00f1os del Ben Hur campe\u00f3n de la \u00abC\u00bb"},"content":{"rendered":"<p><strong>(Por Dar\u00edo Guti\u00e9rrez).-<\/strong> Un 25 de junio de 1995 se produc\u00eda lo que ser\u00eda el comienzo del ciclo profesional de Ben Hur en el b\u00e1squet, que se extender\u00eda hasta 2009. El equipo dirigido por Oscar Zanuzzi se consagraba campe\u00f3n del Pentagonal final de la Liga \u00abC\u00bb y obten\u00eda el ascenso a la Liga \u00abB\u00bb, aunque luego no jugar\u00eda esta categor\u00eda ya que adquirir\u00eda la plaza de Libertad de Sunchales en el por entonces TNA (hoy Liga Argentina).<br \/>\nEl partido que determin\u00f3 el ascenso fue en C\u00f3rdoba ante Instituto. La BH lograba el objetivo hasta perdiendo por 18 puntos ya que hab\u00eda logrado ganar previamente en Villa Mar\u00eda, con lo cual jug\u00f3 ese duelo decisivo con cierta tranquilidad y finalmente perdi\u00f3 por 4: 82 a 78. Pero nada impidi\u00f3 el festejo.<br \/>\nEl equipo de calle Saavedra, ya que jugaba como local en el \u00ab17 de Junio\u00bb, gan\u00f3 6 de los 8 partidos disputados en esa fase final, demostrando un muy buen nivel que lo llev\u00f3 al campeonato.<br \/>\nSu goleador, Leandro Caballero, record\u00f3 ante nuestra consulta de esos momentos que \u00abBen Hur hac\u00eda tres o cuatro a\u00f1os que ven\u00eda buscando el ascenso. Pudimos conformar un muy buen equipo con jugadores del club y la ciudad, y otros que llegaron como refuerzo, como Waldemar Cardona, Fernando Benavidez, Walter Mu\u00f1oz\u00bb.<br \/>\nDestac\u00f3 adem\u00e1s que \u00ablos entrenamientos eran duros y est\u00e1bamos muy competitivos. Zanuzzi fue un muy buen t\u00e9cnico y adem\u00e1s excelente persona\u00bb.<br \/>\nSi bien las estad\u00edsticas lo recuerdan como el goleador del equipo con 170 puntos, valor\u00f3 que \u00abpersonalmente lo que m\u00e1s rescato son los momentos con los compa\u00f1eros y los jugadores que uno enfrent\u00f3\u00bb.<\/p>\n<p>LA CAMPA\u00d1A FINAL<br \/>\nFecha N\u00ba 1: Capuchinos de Concordia 71 (27) vs Ben Hur 88 (41). Fecha N\u00ba 2, Tom\u00e1s de Rocamora de Concepci\u00f3n del Uruguay 107 (50) vs Ben Hur 77 (42). Fecha N\u00ba 3: Ben Hur 76 (33) vs Ameghino de Villa Mar\u00eda 64 (29). Fecha N\u00ba 4: Ben Hur 95 (50) vs Instituto de C\u00f3rdoba 72 (43).<br \/>\nFecha N\u00ba 5: Ben Hur 91 (44) vs Tom\u00e1s de Rocamora de Concepci\u00f3n del Uruguay 71 (38). Fecha N\u00ba 6: Ben Hur 96 (49) vs Capuchinos de Concordia 76 (35). Fecha N\u00ba 7: Ameghino de Villa Mar\u00eda 64 (27) vs Ben Hur 81 (44). Fecha N\u00ba 8: Instituto de C\u00f3rdoba 82 (49) vs Ben Hur 78 (40).<\/p>\n<p>EL PLANTEL<br \/>\nLeandro Caballero con 170 puntos (goleador del equipo), Fernando Benav\u00eddez 122, Pablo Nocioni 70, Waldemar Cardona 101, Walter Mu\u00f1oz 104, Gabriel Gentinetta 18, Jos\u00e9 Gianotti 44, Fernando Fioramonti 19, Luis Gianotti 26, Ariel Restelli 4, Daniel Santi 4, Daniel Re, Fernando Nicola, Alberto Corrado, Andr\u00e9s Mandrile, Luis Silvano y Luis Ferrario. Director t\u00e9cnico: Oscar Zanuzzi.<br \/>\n<strong>Posiciones finales:<\/strong>\u00a0Ben Hur 14 puntos (ascendi\u00f3 por diferencia de gol), Instituto 14; Tom\u00e1s de Rocamora 13, Ameghino 10 y Capuchinos 8.<\/p>\n<p><img loading=\"lazy\" decoding=\"async\" class=\"alignnone size-medium wp-image-21464\" src=\"https:\/\/todoapulmon-rafaela.com\/wp-content\/uploads\/2020\/06\/Capsula-mayo-2020-300x240.jpg\" alt=\"Capsula mayo 2020\" width=\"300\" height=\"240\" srcset=\"https:\/\/todoapulmon-rafaela.com\/wp-content\/uploads\/2020\/06\/Capsula-mayo-2020-300x240.jpg 300w, https:\/\/todoapulmon-rafaela.com\/wp-content\/uploads\/2020\/06\/Capsula-mayo-2020.jpg 1117w\" sizes=\"(max-width: 300px) 100vw, 300px\" \/><\/p>\n","protected":false},"excerpt":{"rendered":"<p>(Por Dar\u00edo Guti\u00e9rrez).- Un 25 de junio de 1995 se produc\u00eda lo que ser\u00eda el comienzo del ciclo profesional de<\/p>\n","protected":false},"author":2,"featured_media":21734,"comment_status":"open","ping_status":"open","sticky":false,"template":"","format":"standard","meta":{"footnotes":""},"categories":[5,24],"tags":[],"class_list":["post-21733","post","type-post","status-publish","format-standard","has-post-thumbnail","hentry","category-basquet","category-noticias-destacadas"],"cc_featured_image_caption":{"caption_text":"Equipo de Ben Hur que se consagr\u00f3 en el a\u00f1o 1995 (foto sitio oficial Ben Hur).","source_text":"","source_url":""},"_links":{"self":[{"href":"https:\/\/todoapulmon-rafaela.com\/index.php\/wp-json\/wp\/v2\/posts\/21733"}],"collection":[{"href":"https:\/\/todoapulmon-rafaela.com\/index.php\/wp-json\/wp\/v2\/posts"}],"about":[{"href":"https:\/\/todoapulmon-rafaela.com\/index.php\/wp-json\/wp\/v2\/types\/post"}],"author":[{"embeddable":true,"href":"https:\/\/todoapulmon-rafaela.com\/index.php\/wp-json\/wp\/v2\/users\/2"}],"replies":[{"embeddable":true,"href":"https:\/\/todoapulmon-rafaela.com\/index.php\/wp-json\/wp\/v2\/comments?post=21733"}],"version-history":[{"count":1,"href":"https:\/\/todoapulmon-rafaela.com\/index.php\/wp-json\/wp\/v2\/posts\/21733\/revisions"}],"predecessor-version":[{"id":21735,"href":"https:\/\/todoapulmon-rafaela.com\/index.php\/wp-json\/wp\/v2\/posts\/21733\/revisions\/21735"}],"wp:featuredmedia":[{"embeddable":true,"href":"https:\/\/todoapulmon-rafaela.com\/index.php\/wp-json\/wp\/v2\/media\/21734"}],"wp:attachment":[{"href":"https:\/\/todoapulmon-rafaela.com\/index.php\/wp-json\/wp\/v2\/media?parent=21733"}],"wp:term":[{"taxonomy":"category","embeddable":true,"href":"https:\/\/todoapulmon-rafaela.com\/index.php\/wp-json\/wp\/v2\/categories?post=21733"},{"taxonomy":"post_tag","embeddable":true,"href":"https:\/\/todoapulmon-rafaela.com\/index.php\/wp-json\/wp\/v2\/tags?post=21733"}],"curies":[{"name":"wp","href":"https:\/\/api.w.org\/{rel}","templated":true}]}}