{"id":21713,"date":"2020-06-23T18:31:39","date_gmt":"2020-06-23T18:31:39","guid":{"rendered":"https:\/\/todoapulmon-rafaela.com\/?p=21713"},"modified":"2020-06-23T18:34:54","modified_gmt":"2020-06-23T18:34:54","slug":"viajar-hacia-o-provenir-desde-una-zona-con-circulacion-local-de-covid-19-sera-motivo-de-aislamiento-obligatorio","status":"publish","type":"post","link":"https:\/\/todoapulmon-rafaela.com\/index.php\/2020\/06\/23\/viajar-hacia-o-provenir-desde-una-zona-con-circulacion-local-de-covid-19-sera-motivo-de-aislamiento-obligatorio\/","title":{"rendered":"Viajar hacia o provenir desde una zona con circulaci\u00f3n local de COVID-19 ser\u00e1 motivo de aislamiento obligatorio"},"content":{"rendered":"<p>En el marco de las nuevas medidas dispuestas por el Gobierno de la Provincia de Santa Fe, la Municipalidad de Rafaela recuerda que, desde el 5 de mayo de este a\u00f1o, se encuentra vigente el Decreto Municipal N\u00ba 50.542 que dispone un protocolo de ingreso y egreso de personas a nuestra ciudad junto, que deben cumplir especialmente, quienes viajen hacia o vengan desde zonas de transmisi\u00f3n local, determinadas por el Ministerio de Salud de la Naci\u00f3n.<\/p>\n<p>En virtud de dicha norma, los ciudadanos involucrados en esa situaci\u00f3n deben informar, mediante correo electr\u00f3nico, con car\u00e1cter de Declaraci\u00f3n Jurada y con anticipaci\u00f3n, a la Secretar\u00eda de Prevenci\u00f3n en Seguridad del Municipio local: datos personales, domicilio de radicaci\u00f3n en la ciudad, localidad desde o hacia donde viaja, motivo del viaje, medio utilizado para movilizarse con su dominio, fecha de ingreso a la ciudad o salida de la misma, fecha de retorno o salida, hora estimada y, finalmente,\u00a0<em>e-mail<\/em>\u00a0y tel\u00e9fono de contacto. De tal manera, la respuesta de parte del Estado local (tambi\u00e9n remitida por correo electr\u00f3nico) debe ser exhibida ante las autoridades que realizan el control en los accesos de la ciudad.<\/p>\n<p>Sin perjuicio de dar cumplimiento al protocolo referido, con la sanci\u00f3n del Decreto Provincial ahora cada viajante deber\u00e1 asimismo tramitar el correspondiente permiso para circular por medio de la\u00a0<em>App<\/em>\u00a0COVID-19 Provincia de Santa Fe o en la\u00a0<em>web<\/em>\u00a0https:\/\/www.santafe.gob.ar\/ms\/covid19\/permisos-de-circulacion\/<\/p>\n<p>De esta manera, se complementan el Decreto Municipal vigente con el recientemente sancionado Decreto Provincial que determina medidas de aislamiento para quienes provienen de localidades con transmisi\u00f3n local fuera de la provincia de Santa Fe as\u00ed como tambi\u00e9n para quienes viajan y vuelven hacia y desde comunidades con circulaci\u00f3n local.<\/p>\n<p><strong>Aislamiento obligatorio<\/strong><\/p>\n<p>Es importante aclarar que el per\u00edodo de aislamiento depender\u00e1 de la periodicidad con que la persona viaja. Es as\u00ed que, si se trata de un viaje ocasional por un motivo puntual, el aislamiento deber\u00e1 ser por el plazo de 14 d\u00edas en su domicilio particular y el vecino o vecina solo podr\u00e1 salir s\u00f3lo por motivos alimentarios, de salud o fuerza mayor.<\/p>\n<p>En el caso de que los viajes se repitan con una frecuencia menor a los 14 d\u00edas, al regresar al domicilio particular la persona deber\u00e1 permanecer en aislamiento hasta el momento que deba volver a viajar.<\/p>\n<p>Las personas \u201cen tr\u00e1nsito\u201d por el territorio provincial, no deber\u00e1n realizar aislamiento.<\/p>\n<p>Por \u00faltimo, vale aclarar que si una persona residente en nuestra ciudad tiene un empleo dedicado a la atenci\u00f3n al p\u00fablico y viene de realizar un viaje a una provincia con circulaci\u00f3n local, no podr\u00e1 realizar esa tarea bajo ninguna circunstancia, debiendo ser reemplazada por otra.<\/p>\n<p>El cumplimiento de estas medidas sanitarias obligatorias ser\u00e1n controladas por la Polic\u00eda de la Provincia de Santa Fe y su inobservancia podr\u00e1 ser tipificada bajo la contravenci\u00f3n de \u201cincumplimiento de mandatos legales\u201d, penada con hasta 15 d\u00edas de arresto o multa, por el C\u00f3digo de Faltas Provincial.<\/p>\n","protected":false},"excerpt":{"rendered":"<p>En el marco de las nuevas medidas dispuestas por el Gobierno de la Provincia de Santa Fe, la Municipalidad de<\/p>\n","protected":false},"author":2,"featured_media":21714,"comment_status":"open","ping_status":"open","sticky":false,"template":"","format":"standard","meta":{"footnotes":""},"categories":[1],"tags":[],"class_list":["post-21713","post","type-post","status-publish","format-standard","has-post-thumbnail","hentry","category-sin-categoria"],"cc_featured_image_caption":{"caption_text":"Desdecasa.rafaela.gob.ar\r\n","source_text":"","source_url":""},"_links":{"self":[{"href":"https:\/\/todoapulmon-rafaela.com\/index.php\/wp-json\/wp\/v2\/posts\/21713"}],"collection":[{"href":"https:\/\/todoapulmon-rafaela.com\/index.php\/wp-json\/wp\/v2\/posts"}],"about":[{"href":"https:\/\/todoapulmon-rafaela.com\/index.php\/wp-json\/wp\/v2\/types\/post"}],"author":[{"embeddable":true,"href":"https:\/\/todoapulmon-rafaela.com\/index.php\/wp-json\/wp\/v2\/users\/2"}],"replies":[{"embeddable":true,"href":"https:\/\/todoapulmon-rafaela.com\/index.php\/wp-json\/wp\/v2\/comments?post=21713"}],"version-history":[{"count":1,"href":"https:\/\/todoapulmon-rafaela.com\/index.php\/wp-json\/wp\/v2\/posts\/21713\/revisions"}],"predecessor-version":[{"id":21715,"href":"https:\/\/todoapulmon-rafaela.com\/index.php\/wp-json\/wp\/v2\/posts\/21713\/revisions\/21715"}],"wp:featuredmedia":[{"embeddable":true,"href":"https:\/\/todoapulmon-rafaela.com\/index.php\/wp-json\/wp\/v2\/media\/21714"}],"wp:attachment":[{"href":"https:\/\/todoapulmon-rafaela.com\/index.php\/wp-json\/wp\/v2\/media?parent=21713"}],"wp:term":[{"taxonomy":"category","embeddable":true,"href":"https:\/\/todoapulmon-rafaela.com\/index.php\/wp-json\/wp\/v2\/categories?post=21713"},{"taxonomy":"post_tag","embeddable":true,"href":"https:\/\/todoapulmon-rafaela.com\/index.php\/wp-json\/wp\/v2\/tags?post=21713"}],"curies":[{"name":"wp","href":"https:\/\/api.w.org\/{rel}","templated":true}]}}