{"id":21706,"date":"2020-06-23T16:48:51","date_gmt":"2020-06-23T16:48:51","guid":{"rendered":"https:\/\/todoapulmon-rafaela.com\/?p=21706"},"modified":"2020-06-23T16:49:54","modified_gmt":"2020-06-23T16:49:54","slug":"otra-baja-para-jaguares-guido-petti-a-francia","status":"publish","type":"post","link":"https:\/\/todoapulmon-rafaela.com\/index.php\/2020\/06\/23\/otra-baja-para-jaguares-guido-petti-a-francia\/","title":{"rendered":"Otra baja para Jaguares, Guido Petti a Francia"},"content":{"rendered":"<p>El segunda l\u00ednea argentino de 25 a\u00f1os fue anunciado oficialmente por el elenco franc\u00e9s que disputa el Top 14.<\/p>\n<p>Guido Petti es nuevo jugador de Bordeaux Begles y compartir\u00e1 el equipo con su compatriota, el wing Santiago Cordero. Su contrato ser\u00e1 por dos temporadas.<\/p>\n<p>El forward argentino, que tiene 53 tests con Los Pumas y disput\u00f3 cinco temporadas con Jaguares, se suma a una extensa lista de contrataciones por parte del club franc\u00e9s. Hace algunas semanas fue anunciado el gran wing de Hurricanes Ben Lam y tambi\u00e9n el expilar de Racing 92 Ben Tameifuna.<\/p>\n<p>Mientras Bordeaux le dio la bienvenida, Jaguares lo despidi\u00f3 en sus redes sociales: \u00abHasta pronto Guido Petti, hoy nos toca desearte lo mejor para el pr\u00f3ximo paso de tu carrera, \u00a1Gracias por tanto!\u00bb<\/p>\n<p>Por su parte, Petti declar\u00f3: \u00abQuiero expresar mi agradecimiento a la UAR por estos siete a\u00f1os de experiencia. Sin dudas marcado por momentos incre\u00edbles, much\u00edsimo aprendizaje y por sobre todas las cosas gran crecimiento\u00bb.<\/p>\n<p>Fuente: scrum.com.ar.<\/p>\n<p><img loading=\"lazy\" decoding=\"async\" class=\"alignnone size-medium wp-image-21464\" src=\"https:\/\/todoapulmon-rafaela.com\/wp-content\/uploads\/2020\/06\/Capsula-mayo-2020-300x240.jpg\" alt=\"Capsula mayo 2020\" width=\"300\" height=\"240\" srcset=\"https:\/\/todoapulmon-rafaela.com\/wp-content\/uploads\/2020\/06\/Capsula-mayo-2020-300x240.jpg 300w, https:\/\/todoapulmon-rafaela.com\/wp-content\/uploads\/2020\/06\/Capsula-mayo-2020.jpg 1117w\" sizes=\"(max-width: 300px) 100vw, 300px\" \/><\/p>\n","protected":false},"excerpt":{"rendered":"<p>El segunda l\u00ednea argentino de 25 a\u00f1os fue anunciado oficialmente por el elenco franc\u00e9s que disputa el Top 14. Guido<\/p>\n","protected":false},"author":2,"featured_media":21708,"comment_status":"open","ping_status":"open","sticky":false,"template":"","format":"standard","meta":{"footnotes":""},"categories":[2],"tags":[],"class_list":["post-21706","post","type-post","status-publish","format-standard","has-post-thumbnail","hentry","category-rugby"],"cc_featured_image_caption":{"caption_text":"","source_text":"","source_url":""},"_links":{"self":[{"href":"https:\/\/todoapulmon-rafaela.com\/index.php\/wp-json\/wp\/v2\/posts\/21706"}],"collection":[{"href":"https:\/\/todoapulmon-rafaela.com\/index.php\/wp-json\/wp\/v2\/posts"}],"about":[{"href":"https:\/\/todoapulmon-rafaela.com\/index.php\/wp-json\/wp\/v2\/types\/post"}],"author":[{"embeddable":true,"href":"https:\/\/todoapulmon-rafaela.com\/index.php\/wp-json\/wp\/v2\/users\/2"}],"replies":[{"embeddable":true,"href":"https:\/\/todoapulmon-rafaela.com\/index.php\/wp-json\/wp\/v2\/comments?post=21706"}],"version-history":[{"count":1,"href":"https:\/\/todoapulmon-rafaela.com\/index.php\/wp-json\/wp\/v2\/posts\/21706\/revisions"}],"predecessor-version":[{"id":21707,"href":"https:\/\/todoapulmon-rafaela.com\/index.php\/wp-json\/wp\/v2\/posts\/21706\/revisions\/21707"}],"wp:featuredmedia":[{"embeddable":true,"href":"https:\/\/todoapulmon-rafaela.com\/index.php\/wp-json\/wp\/v2\/media\/21708"}],"wp:attachment":[{"href":"https:\/\/todoapulmon-rafaela.com\/index.php\/wp-json\/wp\/v2\/media?parent=21706"}],"wp:term":[{"taxonomy":"category","embeddable":true,"href":"https:\/\/todoapulmon-rafaela.com\/index.php\/wp-json\/wp\/v2\/categories?post=21706"},{"taxonomy":"post_tag","embeddable":true,"href":"https:\/\/todoapulmon-rafaela.com\/index.php\/wp-json\/wp\/v2\/tags?post=21706"}],"curies":[{"name":"wp","href":"https:\/\/api.w.org\/{rel}","templated":true}]}}