{"id":21693,"date":"2020-06-22T17:02:27","date_gmt":"2020-06-22T17:02:27","guid":{"rendered":"https:\/\/todoapulmon-rafaela.com\/?p=21693"},"modified":"2020-06-22T17:02:27","modified_gmt":"2020-06-22T17:02:27","slug":"castellano-recibio-a-presidentes-de-siete-clubes-de-la-ciudad","status":"publish","type":"post","link":"https:\/\/todoapulmon-rafaela.com\/index.php\/2020\/06\/22\/castellano-recibio-a-presidentes-de-siete-clubes-de-la-ciudad\/","title":{"rendered":"Castellano recibi\u00f3 a presidentes de siete clubes de la ciudad"},"content":{"rendered":"<p>El intendente Luis Castellano y el subsecretario de Deportes y Recreaci\u00f3n, Ignacio Podio, se reunieron en el Sal\u00f3n Verde de la Municipalidad de Rafaela con representantes de instituciones deportivas de nuestra ciudad para analizar el complejo momento que les toca afrontar ante la crisis generada por la pandemia COVID-19.<\/p>\n<p>En ese sentido, profundizar los canales de di\u00e1logo en la b\u00fasqueda de soluciones coordinadas para que los clubes puedan cumplir con su rol social de contener a los ni\u00f1os, ni\u00f1as y j\u00f3venes de cada barrio de nuestra ciudad fue un punto de acuerdo por donde avanzar con el trabajo.<\/p>\n<p>Se acord\u00f3 en la charla continuar con el di\u00e1logo en futuras reuniones para profundizar en propuestas y sumar nuevas que permitan avanzar en distintas soluciones para la realidad de las instituciones en el marco del complejo contexto impuesto por la pandemia de coronavirus.<\/p>\n<p>De la reuni\u00f3n participaron los presidentes de los clubes Atl\u00e9tico de Rafaela, Silvio Fontanini; Sportivo Ben Hur, Adri\u00e1n Zenklusen; 9 de Julio, Hugo Morel; Argentino Quilmes, Marcelo Levrino; Pe\u00f1arol, Alejandro B\u00e1ez; Sportivo Norte, Claudio Oron\u00e1s y Ferrocarril del Estado, Flavio Barolo. Adem\u00e1s, el representante del Concejo Municipal en la Comisi\u00f3n Directiva de la Comisi\u00f3n Asesora Municipal del Deporte (COASMUDE), Jorge Muriel.<\/p>\n<p><strong>Posibilidad<\/strong><\/p>\n<p>Al t\u00e9rmino de la reuni\u00f3n, Ignacio Podio se\u00f1al\u00f3 que, \u00absi bien estamos en contacto directo con todos los clubes, junto al intendente, venimos de una reuni\u00f3n virtual y, hoy, dimos un paso m\u00e1s al concretar una presencial\u00bb.<\/p>\n<p>El funcionario coment\u00f3 que \u00abhace unos d\u00edas que se retomaron las actividades deportivas en los clubes y lo que los dirigentes plantearon fue hacer hincapi\u00e9 en el rol social que tienen los clubes y la importancia de los m\u00e1s chicos\u00bb.<\/p>\n<p><strong>Cuidadosos<\/strong><\/p>\n<p>Por su parte, Silvio Fontanini agradeci\u00f3 al intendente porque \u00abnos hayan convocado. Es un momento dif\u00edcil y los clubes solos no pueden solucionar sus problemas. La Municipalidad nos ha dicho en reiteradas ocasiones que destaca nuestra disposici\u00f3n para contener socialmente\u201d.<\/p>\n<p><strong>Actividad<\/strong><\/p>\n<p>Finalmente, Alejandro B\u00e1ez se\u00f1al\u00f3 que la reuni\u00f3n \u00abfue positiva por el hecho de que nos abri\u00f3 un dialogo que es prometedor. Adem\u00e1s, se van a repetir para tratar de encontrar soluciones a los problemas en nuestros clubes. La idea es darle prioridad a los chicos y as\u00ed movilizar la acci\u00f3n social del nuestras entidades\u00bb.<\/p>\n<p><img loading=\"lazy\" decoding=\"async\" class=\"alignnone size-medium wp-image-21541\" src=\"https:\/\/todoapulmon-rafaela.com\/wp-content\/uploads\/2020\/06\/Ok-Insumos-300x193.jpg\" alt=\"Ok Insumos\" width=\"300\" height=\"193\" srcset=\"https:\/\/todoapulmon-rafaela.com\/wp-content\/uploads\/2020\/06\/Ok-Insumos-300x193.jpg 300w, https:\/\/todoapulmon-rafaela.com\/wp-content\/uploads\/2020\/06\/Ok-Insumos.jpg 1675w\" sizes=\"(max-width: 300px) 100vw, 300px\" \/><img loading=\"lazy\" decoding=\"async\" class=\"alignnone size-medium wp-image-21470\" src=\"https:\/\/todoapulmon-rafaela.com\/wp-content\/uploads\/2020\/06\/Publicidad-Peretti-300x250.jpg\" alt=\"Publicidad-Peretti\" width=\"300\" height=\"250\" srcset=\"https:\/\/todoapulmon-rafaela.com\/wp-content\/uploads\/2020\/06\/Publicidad-Peretti-300x250.jpg 300w, https:\/\/todoapulmon-rafaela.com\/wp-content\/uploads\/2020\/06\/Publicidad-Peretti.jpg 1006w\" sizes=\"(max-width: 300px) 100vw, 300px\" \/><\/p>\n<p>&nbsp;<\/p>\n","protected":false},"excerpt":{"rendered":"<p>El intendente Luis Castellano y el subsecretario de Deportes y Recreaci\u00f3n, Ignacio Podio, se reunieron en el Sal\u00f3n Verde de<\/p>\n","protected":false},"author":2,"featured_media":21694,"comment_status":"open","ping_status":"open","sticky":false,"template":"","format":"standard","meta":{"footnotes":""},"categories":[24],"tags":[],"class_list":["post-21693","post","type-post","status-publish","format-standard","has-post-thumbnail","hentry","category-noticias-destacadas"],"cc_featured_image_caption":{"caption_text":"Un momento de la reuni\u00f3n en el Sal\u00f3n Verde (foto desdecasa.gob.ar).","source_text":"","source_url":""},"_links":{"self":[{"href":"https:\/\/todoapulmon-rafaela.com\/index.php\/wp-json\/wp\/v2\/posts\/21693"}],"collection":[{"href":"https:\/\/todoapulmon-rafaela.com\/index.php\/wp-json\/wp\/v2\/posts"}],"about":[{"href":"https:\/\/todoapulmon-rafaela.com\/index.php\/wp-json\/wp\/v2\/types\/post"}],"author":[{"embeddable":true,"href":"https:\/\/todoapulmon-rafaela.com\/index.php\/wp-json\/wp\/v2\/users\/2"}],"replies":[{"embeddable":true,"href":"https:\/\/todoapulmon-rafaela.com\/index.php\/wp-json\/wp\/v2\/comments?post=21693"}],"version-history":[{"count":1,"href":"https:\/\/todoapulmon-rafaela.com\/index.php\/wp-json\/wp\/v2\/posts\/21693\/revisions"}],"predecessor-version":[{"id":21695,"href":"https:\/\/todoapulmon-rafaela.com\/index.php\/wp-json\/wp\/v2\/posts\/21693\/revisions\/21695"}],"wp:featuredmedia":[{"embeddable":true,"href":"https:\/\/todoapulmon-rafaela.com\/index.php\/wp-json\/wp\/v2\/media\/21694"}],"wp:attachment":[{"href":"https:\/\/todoapulmon-rafaela.com\/index.php\/wp-json\/wp\/v2\/media?parent=21693"}],"wp:term":[{"taxonomy":"category","embeddable":true,"href":"https:\/\/todoapulmon-rafaela.com\/index.php\/wp-json\/wp\/v2\/categories?post=21693"},{"taxonomy":"post_tag","embeddable":true,"href":"https:\/\/todoapulmon-rafaela.com\/index.php\/wp-json\/wp\/v2\/tags?post=21693"}],"curies":[{"name":"wp","href":"https:\/\/api.w.org\/{rel}","templated":true}]}}