{"id":21690,"date":"2020-06-22T12:10:13","date_gmt":"2020-06-22T12:10:13","guid":{"rendered":"https:\/\/todoapulmon-rafaela.com\/?p=21690"},"modified":"2020-06-22T12:11:30","modified_gmt":"2020-06-22T12:11:30","slug":"el-municipio-homenajeo-a-ben-hur","status":"publish","type":"post","link":"https:\/\/todoapulmon-rafaela.com\/index.php\/2020\/06\/22\/el-municipio-homenajeo-a-ben-hur\/","title":{"rendered":"El municipio homenaje\u00f3 a Ben Hur"},"content":{"rendered":"<p style=\"font-weight: 400\">El d\u00eda viernes 19 de junio, la Municipalidad de Rafaela hizo entrega de una plaqueta por el 80\u00ba Aniversario de Ben Hur que se produjo el mi\u00e9rcoles 17 de este mes. Participaron del acto, el presidente de la instituci\u00f3n, Adri\u00e1n Zenklusen, el Intendente, Luis Castellano, y el Subsecretario de Deportes, Ignacio Podio.<\/p>\n<p style=\"font-weight: 400\">Recordemos que en virtud del contexto por la pandemia del Covid 19, fueron suspendidos los actos conmemorativos anunciados el a\u00f1o pasado y se organizaron festejos virtuales.<\/p>\n<p style=\"font-weight: 400\"><strong>Cap\u00edtulos 80\u00ba Aniversario<\/strong><\/p>\n<p style=\"font-weight: 400\">Compartimos el link para poder visualizar la serie de siete cap\u00edtulos donde se repasa parte de la historia de la instituci\u00f3n -\u201cLos Inicios\u201d, Los Lugares\u201d, La Mutual\u201d, Logros Deportivos\u201d, Historias de la Historia\u201d, \u201cEl Presente\u201d y \u201cEl Futuro es Juntos\u201d-.<\/p>\n<p style=\"font-weight: 400\"><strong>Link:\u00a0<a href=\"https:\/\/www.youtube.com\/watch?v=PnKsxoxGCa4&amp;list=PLat5AJzpJAr-yoJg78aVWUzyGyNmyoOj5\">https:\/\/www.youtube.com\/watch?v=PnKsxoxGCa4&amp;list=PLat5AJzpJAr-yoJg78aVWUzyGyNmyoOj5<\/a><\/strong><\/p>\n","protected":false},"excerpt":{"rendered":"<p>El d\u00eda viernes 19 de junio, la Municipalidad de Rafaela hizo entrega de una plaqueta por el 80\u00ba Aniversario de<\/p>\n","protected":false},"author":2,"featured_media":21691,"comment_status":"open","ping_status":"open","sticky":false,"template":"","format":"standard","meta":{"footnotes":""},"categories":[24],"tags":[],"class_list":["post-21690","post","type-post","status-publish","format-standard","has-post-thumbnail","hentry","category-noticias-destacadas"],"cc_featured_image_caption":{"caption_text":"Luis Castellano, Adri\u00e1n Zenklusen e Ignacio Podio (foto prensa Ben Hur).","source_text":"","source_url":""},"_links":{"self":[{"href":"https:\/\/todoapulmon-rafaela.com\/index.php\/wp-json\/wp\/v2\/posts\/21690"}],"collection":[{"href":"https:\/\/todoapulmon-rafaela.com\/index.php\/wp-json\/wp\/v2\/posts"}],"about":[{"href":"https:\/\/todoapulmon-rafaela.com\/index.php\/wp-json\/wp\/v2\/types\/post"}],"author":[{"embeddable":true,"href":"https:\/\/todoapulmon-rafaela.com\/index.php\/wp-json\/wp\/v2\/users\/2"}],"replies":[{"embeddable":true,"href":"https:\/\/todoapulmon-rafaela.com\/index.php\/wp-json\/wp\/v2\/comments?post=21690"}],"version-history":[{"count":1,"href":"https:\/\/todoapulmon-rafaela.com\/index.php\/wp-json\/wp\/v2\/posts\/21690\/revisions"}],"predecessor-version":[{"id":21692,"href":"https:\/\/todoapulmon-rafaela.com\/index.php\/wp-json\/wp\/v2\/posts\/21690\/revisions\/21692"}],"wp:featuredmedia":[{"embeddable":true,"href":"https:\/\/todoapulmon-rafaela.com\/index.php\/wp-json\/wp\/v2\/media\/21691"}],"wp:attachment":[{"href":"https:\/\/todoapulmon-rafaela.com\/index.php\/wp-json\/wp\/v2\/media?parent=21690"}],"wp:term":[{"taxonomy":"category","embeddable":true,"href":"https:\/\/todoapulmon-rafaela.com\/index.php\/wp-json\/wp\/v2\/categories?post=21690"},{"taxonomy":"post_tag","embeddable":true,"href":"https:\/\/todoapulmon-rafaela.com\/index.php\/wp-json\/wp\/v2\/tags?post=21690"}],"curies":[{"name":"wp","href":"https:\/\/api.w.org\/{rel}","templated":true}]}}