{"id":21679,"date":"2020-06-19T17:42:23","date_gmt":"2020-06-19T17:42:23","guid":{"rendered":"https:\/\/todoapulmon-rafaela.com\/?p=21679"},"modified":"2020-06-19T17:44:53","modified_gmt":"2020-06-19T17:44:53","slug":"la-provincia-habilita-practicas-para-nadadores-olimpicos-de-santa-fe","status":"publish","type":"post","link":"https:\/\/todoapulmon-rafaela.com\/index.php\/2020\/06\/19\/la-provincia-habilita-practicas-para-nadadores-olimpicos-de-santa-fe\/","title":{"rendered":"La Provincia habilita pr\u00e1cticas para nadadores ol\u00edmpicos de Santa Fe"},"content":{"rendered":"<p>El gobierno provincial present\u00f3 este viernes el protocolo sanitario que cumplimentar\u00e1n 10 nadadores ol\u00edmpicos de la provincia de Santa Fe, para continuar su preparaci\u00f3n con vistas a su participaci\u00f3n en los Juegos Ol\u00edmpicos Tokio 2021. En funci\u00f3n de la autorizaci\u00f3n nacional y de los procedimientos establecidos desde la provincia, el natatorio del Club Atl\u00e9tico Provincial de Rosario ser\u00e1 utilizado para las actividades, aportando el Estado santafesino recursos para su mantenimiento.<\/p>\n<p>Al respecto, el ministro de Desarrollo Social, Danilo Capitani, asegur\u00f3 que \u201cesto es un trabajo mancomunado de la secretar\u00eda de Deportes, de los clubes y de los nadadores, atendiendo los protocolos para cuidarnos todos y poder lograr el objetivo de volver a entrenar, en el marco de un escenario complicado por la pandemia. Queremos que cada actividad que se vaya flexibilizando se lleve a cabo con los cuidados del caso\u201d, destac\u00f3.<\/p>\n<p>Por su parte, la secretaria de Deportes, Claudia Giaccone, explic\u00f3 que \u201cse implement\u00f3 el decreto nacional que except\u00faa a todos los atletas ol\u00edmpicos que van a competir en Tokio para que puedan volver a entrenarse. En Santa Fe hay varias actividades que tienen habilitadas estas pr\u00e1cticas, pero las nataci\u00f3n no\u201d, record\u00f3.<\/p>\n<p>\u201cAhora nuestro nadadores ol\u00edmpicos van a poder volver a su actividad ya que se necesitaba un protocolo especial. Se trata de un trabajo conjunto con el ministro Capitani, y las federaciones de Nataci\u00f3n de Rosario y Santa Fe\u201d, se\u00f1al\u00f3 Giaconne, al tiempo que agradeci\u00f3 \u201ca las autoridades del Club Provincial que ceden sus natatorios\u201d.<\/p>\n<p>\u201cDesde la semana que viene, 10 nadadores ol\u00edmpicos van a entrenarse en la pileta del club, cumpliendo los protocolos de protecci\u00f3n establecidos\u201d, concluy\u00f3 la funcionaria.<\/p>\n<p>Por su parte, Federico Grabich, uno de los deportistas ol\u00edmpicos que retomar\u00e1 sus actividades en el natatorio del Club Provincial, indic\u00f3 que \u201ces una noticia que esper\u00e1bamos hace tiempo y estamos muy contentos de volver al agua\u201d.<\/p>\n<p>\u201cNuestro deporte es dif\u00edcil por el costo que implica tener la pileta en condiciones y, con la secretar\u00eda de Deportes venimos trabajando desde hace un tiempo en el protocolo de seguridad. Finalmente, lleg\u00f3 la autorizaci\u00f3n nacional que esper\u00e1bamos\u201d, consign\u00f3.<\/p>\n<p>Fuente: Santa Fe Deportes.<\/p>\n<p><img loading=\"lazy\" decoding=\"async\" class=\"alignnone size-medium wp-image-21457\" src=\"https:\/\/todoapulmon-rafaela.com\/wp-content\/uploads\/2020\/06\/Scozzina-Distribuciones-300x241.jpg\" alt=\"Scozzina Distribuciones\" width=\"300\" height=\"241\" srcset=\"https:\/\/todoapulmon-rafaela.com\/wp-content\/uploads\/2020\/06\/Scozzina-Distribuciones-300x241.jpg 300w, https:\/\/todoapulmon-rafaela.com\/wp-content\/uploads\/2020\/06\/Scozzina-Distribuciones.jpg 1120w\" sizes=\"(max-width: 300px) 100vw, 300px\" \/><\/p>\n","protected":false},"excerpt":{"rendered":"<p>El gobierno provincial present\u00f3 este viernes el protocolo sanitario que cumplimentar\u00e1n 10 nadadores ol\u00edmpicos de la provincia de Santa Fe,<\/p>\n","protected":false},"author":2,"featured_media":21683,"comment_status":"open","ping_status":"open","sticky":false,"template":"","format":"standard","meta":{"footnotes":""},"categories":[26,24],"tags":[],"class_list":["post-21679","post","type-post","status-publish","format-standard","has-post-thumbnail","hentry","category-natacion","category-noticias-destacadas"],"cc_featured_image_caption":{"caption_text":"Grabich, Capitani y Giaccone (Foto Santa Fe Deportes).","source_text":"","source_url":""},"_links":{"self":[{"href":"https:\/\/todoapulmon-rafaela.com\/index.php\/wp-json\/wp\/v2\/posts\/21679"}],"collection":[{"href":"https:\/\/todoapulmon-rafaela.com\/index.php\/wp-json\/wp\/v2\/posts"}],"about":[{"href":"https:\/\/todoapulmon-rafaela.com\/index.php\/wp-json\/wp\/v2\/types\/post"}],"author":[{"embeddable":true,"href":"https:\/\/todoapulmon-rafaela.com\/index.php\/wp-json\/wp\/v2\/users\/2"}],"replies":[{"embeddable":true,"href":"https:\/\/todoapulmon-rafaela.com\/index.php\/wp-json\/wp\/v2\/comments?post=21679"}],"version-history":[{"count":3,"href":"https:\/\/todoapulmon-rafaela.com\/index.php\/wp-json\/wp\/v2\/posts\/21679\/revisions"}],"predecessor-version":[{"id":21682,"href":"https:\/\/todoapulmon-rafaela.com\/index.php\/wp-json\/wp\/v2\/posts\/21679\/revisions\/21682"}],"wp:featuredmedia":[{"embeddable":true,"href":"https:\/\/todoapulmon-rafaela.com\/index.php\/wp-json\/wp\/v2\/media\/21683"}],"wp:attachment":[{"href":"https:\/\/todoapulmon-rafaela.com\/index.php\/wp-json\/wp\/v2\/media?parent=21679"}],"wp:term":[{"taxonomy":"category","embeddable":true,"href":"https:\/\/todoapulmon-rafaela.com\/index.php\/wp-json\/wp\/v2\/categories?post=21679"},{"taxonomy":"post_tag","embeddable":true,"href":"https:\/\/todoapulmon-rafaela.com\/index.php\/wp-json\/wp\/v2\/tags?post=21679"}],"curies":[{"name":"wp","href":"https:\/\/api.w.org\/{rel}","templated":true}]}}