{"id":21547,"date":"2020-06-07T13:25:38","date_gmt":"2020-06-07T13:25:38","guid":{"rendered":"https:\/\/todoapulmon-rafaela.com\/?p=21547"},"modified":"2020-06-07T13:25:38","modified_gmt":"2020-06-07T13:25:38","slug":"detalles-de-la-vuelta-a-los-entrenamientos-de-los-atletas-olimpicos","status":"publish","type":"post","link":"https:\/\/todoapulmon-rafaela.com\/index.php\/2020\/06\/07\/detalles-de-la-vuelta-a-los-entrenamientos-de-los-atletas-olimpicos\/","title":{"rendered":"Detalles de la vuelta a los entrenamientos de los atletas ol\u00edmpicos"},"content":{"rendered":"<div class=\"itemIntroText\">\n<p class=\"p1\">El Ministerio de Turismo y Deportes emiti\u00f3 una comunicaci\u00f3n producto del trabajo que vienen realizando desde hace un tiempo el Ministro Mat\u00edas Lammens y el Dr. Gerardo Werthein, presidente del Comit\u00e9 Ol\u00edmpico Argentino (COA), confirmando que los\u00a0deportistas clasificados a los Juegos Ol\u00edmpicos Tokio 2020 podr\u00e1n volver a los entrenamientos y continuar con su preparaci\u00f3n de cara a la cita ol\u00edmpica.<\/p>\n<p class=\"p2\">\u00a0A continuaci\u00f3n, el comunicado oficial:<\/p>\n<\/div>\n<div class=\"itemFullText\">\n<p class=\"p2\">\u00a0<b>Autorizan entrenamientos de los deportistas ol\u00edmpicos<\/b><\/p>\n<p class=\"p2\">\u00a0Los deportistas argentinos clasificados para los Juegos Ol\u00edmpicos de Tokio podr\u00e1n retomar sus entrenamientos, cumpliendo con los protocolos sanitarios correspondientes en el marco de la pandemia por el COVID-19, seg\u00fan anunciaron hoy el ministro de Turismo y Deportes de la Naci\u00f3n, Mat\u00edas Lammens, y la secretaria de Deportes, In\u00e9s Arrondo.<\/p>\n<p class=\"p2\">\u00a0La decisi\u00f3n fue comunicada por Lammens y Arrondo a las autoridades de las federaciones deportivas nacionales, deportistas y entrenadores\/as de diversas disciplinas, en un encuentro virtual en el que tambi\u00e9n particip\u00f3 el presidente del Comit\u00e9 Ol\u00edmpico Argentino (COA), Gerardo Werthein, y al cabo de una serie de reuniones en las que se definieron algunas particularidades para el regreso a las pr\u00e1cticas de los \u201col\u00edmpicos\u201d.<\/p>\n<p class=\"p2\">\u00a0En las pr\u00f3ximas horas, el Ministerio de Salud de la Naci\u00f3n deber\u00e1 aprobar los protocolos presentados por cada una de las federaciones y asociaciones, y a partir de ah\u00ed, se definir\u00e1n los detalles de las condiciones en que se producir\u00e1n esos regresos, como ser los escenarios, horarios y modalidades de los entrenamientos, luego de la aprobaci\u00f3n de las excepciones por parte del jefe de Gabinete, Santiago Cafiero.<\/p>\n<p class=\"p1\">\u00a0Dirigentes, entrenadores y deportistas agradecieron y celebraron la decisi\u00f3n, ponderando \u201cel trabajo en equipo que dio sus frutos\u201d, al que calificaron de \u201cin\u00e9dito\u201d en cuanto a la articulaci\u00f3n entre todas las partes. Participaron Diego Schwartzman, Rosario Luchetti, Santiago Lange, Santiago G\u00f3mez Cora, Sergio Hern\u00e1ndez, Carlos Retegui, Gustavo Rold\u00e1n, entre otros\/as, y dirigentes de las disciplinas ol\u00edmpicas involucradas.<\/p>\n<p class=\"p2\">\u00a0El ministro Lammens sostuvo que \u201cdespu\u00e9s de varias semanas de un trabajo conjunto riguroso con el Comit\u00e9 Ol\u00edmpico y con las federaciones pudimos encontrar esta soluci\u00f3n para que nuestros y nuestras deportistas ol\u00edmpicos reinicien su preparaci\u00f3n para los Juegos. Los entrenamientos se van a llevar adelante con protocolos muy estrictos, el objetivo es que nuestros atletas lleguen en las mejores condiciones a Tokio, pero cuidando la salud de ellos mismos y de toda la poblaci\u00f3n\u201d.<\/p>\n<p class=\"p2\">En tanto, Arrondo expres\u00f3 que \u201cdamos un paso muy importante y en este sentido venimos trabajando intensamente para poder cumplir con las medidas sanitarias previstas por el Gobierno, pero a su vez tomando en cuenta las necesidades de los y las deportistas que nos representar\u00e1n en Tokio, que en el marco de esta pandemia que nos afecta a todos, tienen sus plazos previstos de entrenamientos\u201d.<\/p>\n<p class=\"p2\">Las principales medidas dispuestas son:<\/p>\n<ul class=\"ul1\">\n<li class=\"li1\">Cada deportista deber\u00e1 tener la aplicaci\u00f3n \u201cCuidar\u201d actualizada, con sus datos de salud al d\u00eda y actuar de acuerdo con los protocolos aprobados.<\/li>\n<\/ul>\n<ul class=\"ul1\">\n<li class=\"li1\">Las federaciones y asociaciones definieron con las autoridades deportivas nacionales una \u201choja de ruta\u201d para dise\u00f1ar escenarios y horarios de entrenamiento, y los alojamientos de los\/as deportistas.<\/li>\n<\/ul>\n<ul class=\"ul1\">\n<li class=\"li1\">En el caso de ser necesario el traslado de un\/a deportista o delegaci\u00f3n en el caso de deportes grupales, se deber\u00e1 especificar el lugar de alojamiento y de entrenamiento, y se le extender\u00e1 la autorizaci\u00f3n para que exclusivamente se recorra ese itinerario.<\/li>\n<\/ul>\n<ul class=\"ul1\">\n<li class=\"li1\">Se mantienen las condiciones sanitarias vigentes, por lo que los\/las deportistas se mantendr\u00e1n en aislamiento en el lugar fijado de residencia (ya sea domicilio u otro alojamiento en caso de traslado), solo podr\u00e1n trasladarse hasta el lugar de entrenamiento y en el mismo, deber\u00e1n guardar las condiciones previstas en los protocolos, tanto en el distanciamiento social como en los cuidados personales.<\/li>\n<\/ul>\n<ul class=\"ul1\">\n<li class=\"li1\">En el caso de los deportes de grupo, est\u00e1 previsto para cada disciplina las actividades f\u00edsicas y t\u00e9cnicas para respetar esas disposiciones protocolares sanitarias.<\/li>\n<\/ul>\n<ul class=\"ul1\">\n<li class=\"li1\">Con respecto al Cenard, se mantendr\u00e1 CERRADO para la actividad general y solo podr\u00e1n acceder para cumplir con sus entrenamientos, en horarios determinados y por grupos, los\/las deportistas que representan a las federaciones y asociaciones que elevaron el pedido respectivo de uso en esta instancia.<\/li>\n<\/ul>\n<ul class=\"ul1\">\n<li class=\"li1\">Al momento, se mantienen las reuniones con las entidades que representan al deporte paral\u00edmpico para delinear a mediano plazo el regreso de sus deportistas a las pr\u00e1cticas, dado que los Juegos Paral\u00edmpicos tienen fecha posterior de realizaci\u00f3n a la fijada para los Juegos Ol\u00edmpicos.<\/li>\n<\/ul>\n<\/div>\n","protected":false},"excerpt":{"rendered":"<p>El Ministerio de Turismo y Deportes emiti\u00f3 una comunicaci\u00f3n producto del trabajo que vienen realizando desde hace un tiempo el<\/p>\n","protected":false},"author":2,"featured_media":21548,"comment_status":"open","ping_status":"open","sticky":false,"template":"","format":"standard","meta":{"footnotes":""},"categories":[24],"tags":[],"class_list":["post-21547","post","type-post","status-publish","format-standard","has-post-thumbnail","hentry","category-noticias-destacadas"],"cc_featured_image_caption":{"caption_text":"Foto Comit\u00e9 Ol\u00edmpico Argentino","source_text":"","source_url":""},"_links":{"self":[{"href":"https:\/\/todoapulmon-rafaela.com\/index.php\/wp-json\/wp\/v2\/posts\/21547"}],"collection":[{"href":"https:\/\/todoapulmon-rafaela.com\/index.php\/wp-json\/wp\/v2\/posts"}],"about":[{"href":"https:\/\/todoapulmon-rafaela.com\/index.php\/wp-json\/wp\/v2\/types\/post"}],"author":[{"embeddable":true,"href":"https:\/\/todoapulmon-rafaela.com\/index.php\/wp-json\/wp\/v2\/users\/2"}],"replies":[{"embeddable":true,"href":"https:\/\/todoapulmon-rafaela.com\/index.php\/wp-json\/wp\/v2\/comments?post=21547"}],"version-history":[{"count":1,"href":"https:\/\/todoapulmon-rafaela.com\/index.php\/wp-json\/wp\/v2\/posts\/21547\/revisions"}],"predecessor-version":[{"id":21549,"href":"https:\/\/todoapulmon-rafaela.com\/index.php\/wp-json\/wp\/v2\/posts\/21547\/revisions\/21549"}],"wp:featuredmedia":[{"embeddable":true,"href":"https:\/\/todoapulmon-rafaela.com\/index.php\/wp-json\/wp\/v2\/media\/21548"}],"wp:attachment":[{"href":"https:\/\/todoapulmon-rafaela.com\/index.php\/wp-json\/wp\/v2\/media?parent=21547"}],"wp:term":[{"taxonomy":"category","embeddable":true,"href":"https:\/\/todoapulmon-rafaela.com\/index.php\/wp-json\/wp\/v2\/categories?post=21547"},{"taxonomy":"post_tag","embeddable":true,"href":"https:\/\/todoapulmon-rafaela.com\/index.php\/wp-json\/wp\/v2\/tags?post=21547"}],"curies":[{"name":"wp","href":"https:\/\/api.w.org\/{rel}","templated":true}]}}